{"id":90723,"date":"2017-08-14T00:01:50","date_gmt":"2017-08-13T22:01:50","guid":{"rendered":"http:\/\/www.editiondaslabor.de\/blog\/?p=90723"},"modified":"2021-08-15T07:56:31","modified_gmt":"2021-08-15T05:56:31","slug":"gewicht-der-welt","status":"publish","type":"post","link":"http:\/\/www.editiondaslabor.de\/blog\/2017\/08\/14\/gewicht-der-welt\/","title":{"rendered":"GEWICHT DER WELT"},"content":{"rendered":"<p><!-- \/wp:post-content -->\r\n\r\n<!-- wp:paragraph {\"align\":\"center\"} --><\/p>\r\n<p>&nbsp;<\/p>\r\n<p>Alles, das Umfassende,<br \/>wie ist es zeitlich einzubringen.<br \/>Oder das Schweigen,<br \/>das sein Vorhandensein<br \/>ohne weiteren Nutzen definiert.<br \/>Schon der Anfang ist nur auf bestimmten<br \/>Ebenen m\u00f6glich, in einem<br \/>abgegrenzt zweifelsfreien Raum,<br \/>dehnbar, unbestimmt,<br \/>eine wei\u00dfe Raupe,<br \/>schalenf\u00f6rmige Hemisph\u00e4ren,<br \/>unterbrochener Wind.<br \/>Wie soll man \u00fcber ein Ende denken,<br \/>das in kleinen Einheiten<br \/>st\u00e4ndig passiert,<br \/>dem Zufall<br \/>den R\u00fccken kratzt,<br \/>\u00fcber Wille und Wahn,<br \/>asymmetrische Kollegen, Teamwork<br \/>unter der Hand.<br \/>Und das Denken,<br \/>mechanische Wechselstromanalyse,<br \/>Leuchtstoffr\u00f6hren<br \/>oder ein ganzes Gramm Illusion.<\/p>\r\n<p>&nbsp;<\/p>\r\n<p>&nbsp;<\/p>\r\n<p class=\"has-text-align-center\" style=\"text-align: center;\">***<\/p>\r\n<!-- \/wp:paragraph -->\r\n\r\n<!-- wp:paragraph -->\r\n<p style=\"text-align: justify;\"><strong>Wei\u00dfe Kreide<\/strong>, Gedichte von Martin Dragosits, Edition Art Science, 2017<\/p>\r\n<!-- \/wp:paragraph -->\r\n\r\n<!-- wp:image {\"align\":\"left\",\"id\":57266} -->\r\n<div class=\"wp-block-image\" style=\"text-align: justify;\">\r\n<figure class=\"alignleft\"><img loading=\"lazy\" decoding=\"async\" width=\"200\" height=\"327\" class=\"wp-image-57266\" src=\"http:\/\/www.editiondaslabor.de\/blog\/wp-content\/uploads\/2019\/08\/cover_Kreide.jpg\" alt=\"\" srcset=\"http:\/\/www.editiondaslabor.de\/blog\/wp-content\/uploads\/2019\/08\/cover_Kreide.jpg 200w, http:\/\/www.editiondaslabor.de\/blog\/wp-content\/uploads\/2019\/08\/cover_Kreide-183x300.jpg 183w, http:\/\/www.editiondaslabor.de\/blog\/wp-content\/uploads\/2019\/08\/cover_Kreide-160x262.jpg 160w\" sizes=\"auto, (max-width: 200px) 100vw, 200px\" \/><\/figure>\r\n<\/div>\r\n<!-- \/wp:image -->\r\n\r\n<!-- wp:paragraph -->\r\n<p style=\"text-align: justify;\">Diese Gedichte beschreiben Stars auf Zeit, selbstverliebte Welpenf\u00e4nger, schmale Tr\u00e4ume in Hosentaschen, die F\u00fc\u00dfe fest am Boden. wo doch das W\u00fcnschen \/ als Prinzip der L\u00fcge \/ in uns allen steckt. Quantenmechanische Zustandskomik, angedachte Farbplakate, kleine Schuld-und-S\u00fchne-Schleifen, in denen dar\u00fcber nachgedacht wird, was mit uns geschieht. Gedichtb\u00e4nde haben keinen Plot, keine Protagonisten: wei\u00dfe Kreide, fahrende Z\u00fcge, angespannte Augenbrauen. Aufgeteilt in sechs Kapitel zwischen Revue, Ringelspiel und Gegenwartsfragen, mit Skizzen von Provinz und Verg\u00e4nglichkeit.<\/p>\r\n<!-- \/wp:paragraph -->\r\n\r\n<!-- wp:paragraph -->\r\n<p style=\"text-align: justify;\"><strong>Weiterf\u00fchrend \u2192 <\/strong>Eine <a href=\"http:\/\/www.editiondaslabor.de\/blog\/2020\/08\/17\/haltung-die-vom-kopf-ausgeht\/\">W\u00fcrdigung<\/a> von Martin Dragosits durch Holger Benkel.<\/p>\r\n<!-- \/wp:paragraph -->\r\n\r\n<!-- wp:paragraph -->\r\n<p style=\"text-align: justify;\"><strong> \u2192 <\/strong>Poesie ist das identit\u00e4tsstiftende Element der Kultur, KUNOs <a href=\"http:\/\/www.editiondaslabor.de\/blog\/?p=25630\">poetologische Positionsbestimmung<\/a>.<\/p>","protected":false},"excerpt":{"rendered":"<p>&nbsp; Alles, das Umfassende,wie ist es zeitlich einzubringen.Oder das Schweigen,das sein Vorhandenseinohne weiteren Nutzen definiert.Schon der Anfang ist nur auf bestimmtenEbenen m\u00f6glich, in einemabgegrenzt zweifelsfreien Raum,dehnbar, unbestimmt,eine wei\u00dfe Raupe,schalenf\u00f6rmige Hemisph\u00e4ren,unterbrochener Wind.Wie soll man \u00fcber ein Ende denken,das in kleinen Einheitenst\u00e4ndig&hellip;<\/p>\n<p class=\"more-link-p\"><a class=\"more-link\" href=\"http:\/\/www.editiondaslabor.de\/blog\/2017\/08\/14\/gewicht-der-welt\/\">Read more &rarr;<\/a><\/p>\n","protected":false},"author":189,"featured_media":57266,"comment_status":"closed","ping_status":"closed","sticky":false,"template":"","format":"standard","meta":{"footnotes":""},"categories":[1],"tags":[2359],"class_list":["post-90723","post","type-post","status-publish","format-standard","has-post-thumbnail","hentry","category-literatur","tag-martin-dragosits"],"_links":{"self":[{"href":"http:\/\/www.editiondaslabor.de\/blog\/wp-json\/wp\/v2\/posts\/90723","targetHints":{"allow":["GET"]}}],"collection":[{"href":"http:\/\/www.editiondaslabor.de\/blog\/wp-json\/wp\/v2\/posts"}],"about":[{"href":"http:\/\/www.editiondaslabor.de\/blog\/wp-json\/wp\/v2\/types\/post"}],"author":[{"embeddable":true,"href":"http:\/\/www.editiondaslabor.de\/blog\/wp-json\/wp\/v2\/users\/189"}],"replies":[{"embeddable":true,"href":"http:\/\/www.editiondaslabor.de\/blog\/wp-json\/wp\/v2\/comments?post=90723"}],"version-history":[{"count":0,"href":"http:\/\/www.editiondaslabor.de\/blog\/wp-json\/wp\/v2\/posts\/90723\/revisions"}],"wp:featuredmedia":[{"embeddable":true,"href":"http:\/\/www.editiondaslabor.de\/blog\/wp-json\/"}],"wp:attachment":[{"href":"http:\/\/www.editiondaslabor.de\/blog\/wp-json\/wp\/v2\/media?parent=90723"}],"wp:term":[{"taxonomy":"category","embeddable":true,"href":"http:\/\/www.editiondaslabor.de\/blog\/wp-json\/wp\/v2\/categories?post=90723"},{"taxonomy":"post_tag","embeddable":true,"href":"http:\/\/www.editiondaslabor.de\/blog\/wp-json\/wp\/v2\/tags?post=90723"}],"curies":[{"name":"wp","href":"https:\/\/api.w.org\/{rel}","templated":true}]}}