{"id":90701,"date":"2012-08-09T00:01:54","date_gmt":"2012-08-08T22:01:54","guid":{"rendered":"http:\/\/www.editiondaslabor.de\/blog\/?p=90701"},"modified":"2021-08-15T06:05:40","modified_gmt":"2021-08-15T04:05:40","slug":"walking-by-myself","status":"publish","type":"post","link":"http:\/\/www.editiondaslabor.de\/blog\/2012\/08\/09\/walking-by-myself\/","title":{"rendered":"WALKING BY MYSELF"},"content":{"rendered":"<p>&nbsp;<\/p>\r\n<p>Die Zeit nutzen, meine Zeit, der ich<br \/>weder Fl\u00fcgel geben<br \/>noch Abstand gew\u00e4hren kann.<br \/>Sie l\u00e4uft Seite an Seite mit mir, eine<br \/>Synchronschwimmerin, die keinen<br \/>Einsatz vers\u00e4umt,<br \/>fast zu sch\u00f6n um perfekt zu sein.<\/p>\r\n<p>Wir alle haben Angst vor diesem ungewissen Ende,<br \/>den Jahrmillionen, die vor uns liegen, neben<br \/>uns, unter uns.<\/p>\r\n<p>Ich erinnere mich pl\u00f6tzlich gewesen zu sein,<br \/>aus Dunkelheit, um Licht ringend, aus<br \/>unbekanntem Schlaf, tief, und ich wei\u00df,<br \/>dass ich mich fragte, woher ich komme, unvorstellbar,<br \/>so fr\u00fch war ich, dass ich bezweifle Sprache<br \/>gekannt zu haben, es war fast bevor ich wusste,<br \/>dass ich bin.<\/p>\r\n<p>Seitdem,<br \/>\u00fcber all die Jahre hinweg,<br \/>finde ich immer mehr meine Mitte, n\u00e4here<br \/>mich St\u00fcck f\u00fcr St\u00fcck, versuche<br \/>meinen Kern zu sch\u00e4len,<br \/>meinen Anfang und mein Ende<br \/>unbestimmt zu balancieren.<\/p>\r\n<p>&nbsp;<\/p>\r\n<p>&nbsp;<\/p>\r\n<!-- \/wp:post-content -->\r\n\r\n<!-- wp:paragraph {\"align\":\"center\"} -->\r\n<p style=\"text-align: center;\">***<\/p>\r\n<!-- \/wp:paragraph -->\r\n\r\n<!-- wp:paragraph -->\r\n<p style=\"text-align: justify;\"><strong>Der Himmel hat sich versp\u00e4tet<\/strong>, Gedichte von Martin Dragosits, Arovell Verlag, 2010<\/p>\r\n<p style=\"text-align: justify;\"><a href=\"http:\/\/www.editiondaslabor.de\/blog\/wp-content\/uploads\/2010\/10\/Himmel_Cover.jpg\"><img loading=\"lazy\" decoding=\"async\" class=\"alignleft wp-image-90591 size-medium\" src=\"http:\/\/www.editiondaslabor.de\/blog\/wp-content\/uploads\/2010\/10\/Himmel_Cover-212x300.jpg\" alt=\"\" width=\"212\" height=\"300\" srcset=\"http:\/\/www.editiondaslabor.de\/blog\/wp-content\/uploads\/2010\/10\/Himmel_Cover-212x300.jpg 212w, http:\/\/www.editiondaslabor.de\/blog\/wp-content\/uploads\/2010\/10\/Himmel_Cover-260x369.jpg 260w, http:\/\/www.editiondaslabor.de\/blog\/wp-content\/uploads\/2010\/10\/Himmel_Cover-160x227.jpg 160w, http:\/\/www.editiondaslabor.de\/blog\/wp-content\/uploads\/2010\/10\/Himmel_Cover.jpg 352w\" sizes=\"auto, (max-width: 212px) 100vw, 212px\" \/><\/a>Zw\u00f6lf Kapitel \u00fcber Gl\u00fcck, Sehnsucht, Tr\u00e4ume, Zorn und Krieg sowie menschliche Eigenheiten, \u00fcber Fragen und Antworten, die sich daraus ergeben. In seinem eigenen und f\u00fcr ihn charakteristischen Tonfall, einer Sprache mit Wiedererkennungswert, die in den letzten Jahren zu zahlreichen Ver\u00f6ffentlichungen in verschiedenen Literaturzeitschriften in \u00d6sterreich und Deutschland gef\u00fchrt hat. Auf 150 Seiten breitet der Autor einen Kosmos aus, in dem G\u00f6tter, Abwesenheitsagenten, Berater, Au\u00dferirdische, Naturwissenschaft und weltliche Zust\u00e4nde neben- und \u00fcbereinander existieren, mit vielf\u00e4ltigen poetischen Mitteln befragt.<\/p>\r\n<p style=\"text-align: justify;\"><strong>Weiterf\u00fchrend \u2192 <\/strong>Poesie ist das identit\u00e4tsstiftende Element der Kultur, KUNOs <a href=\"http:\/\/www.editiondaslabor.de\/blog\/?p=25630\">poetologische Positionsbestimmung<\/a>.<\/p>","protected":false},"excerpt":{"rendered":"<p>&nbsp; Die Zeit nutzen, meine Zeit, der ichweder Fl\u00fcgel gebennoch Abstand gew\u00e4hren kann.Sie l\u00e4uft Seite an Seite mit mir, eineSynchronschwimmerin, die keinenEinsatz vers\u00e4umt,fast zu sch\u00f6n um perfekt zu sein. Wir alle haben Angst vor diesem ungewissen Ende,den Jahrmillionen, die vor&hellip;<\/p>\n<p class=\"more-link-p\"><a class=\"more-link\" href=\"http:\/\/www.editiondaslabor.de\/blog\/2012\/08\/09\/walking-by-myself\/\">Read more &rarr;<\/a><\/p>\n","protected":false},"author":189,"featured_media":90591,"comment_status":"closed","ping_status":"closed","sticky":false,"template":"","format":"standard","meta":{"footnotes":""},"categories":[1],"tags":[2359],"class_list":["post-90701","post","type-post","status-publish","format-standard","has-post-thumbnail","hentry","category-literatur","tag-martin-dragosits"],"_links":{"self":[{"href":"http:\/\/www.editiondaslabor.de\/blog\/wp-json\/wp\/v2\/posts\/90701","targetHints":{"allow":["GET"]}}],"collection":[{"href":"http:\/\/www.editiondaslabor.de\/blog\/wp-json\/wp\/v2\/posts"}],"about":[{"href":"http:\/\/www.editiondaslabor.de\/blog\/wp-json\/wp\/v2\/types\/post"}],"author":[{"embeddable":true,"href":"http:\/\/www.editiondaslabor.de\/blog\/wp-json\/wp\/v2\/users\/189"}],"replies":[{"embeddable":true,"href":"http:\/\/www.editiondaslabor.de\/blog\/wp-json\/wp\/v2\/comments?post=90701"}],"version-history":[{"count":0,"href":"http:\/\/www.editiondaslabor.de\/blog\/wp-json\/wp\/v2\/posts\/90701\/revisions"}],"wp:featuredmedia":[{"embeddable":true,"href":"http:\/\/www.editiondaslabor.de\/blog\/wp-json\/"}],"wp:attachment":[{"href":"http:\/\/www.editiondaslabor.de\/blog\/wp-json\/wp\/v2\/media?parent=90701"}],"wp:term":[{"taxonomy":"category","embeddable":true,"href":"http:\/\/www.editiondaslabor.de\/blog\/wp-json\/wp\/v2\/categories?post=90701"},{"taxonomy":"post_tag","embeddable":true,"href":"http:\/\/www.editiondaslabor.de\/blog\/wp-json\/wp\/v2\/tags?post=90701"}],"curies":[{"name":"wp","href":"https:\/\/api.w.org\/{rel}","templated":true}]}}