{"id":90686,"date":"2005-03-05T00:01:50","date_gmt":"2005-03-04T23:01:50","guid":{"rendered":"http:\/\/www.editiondaslabor.de\/blog\/?p=90686"},"modified":"2021-10-18T12:56:03","modified_gmt":"2021-10-18T10:56:03","slug":"bestimmungspunkte","status":"publish","type":"post","link":"http:\/\/www.editiondaslabor.de\/blog\/2005\/03\/05\/bestimmungspunkte\/","title":{"rendered":"BESTIMMUNGSPUNKTE"},"content":{"rendered":"<p>&nbsp;<\/p>\r\n<p>Als das W\u00fcnschen noch<br \/>nach dem Ende der Geschichte fragte<br \/>wenige Jahre<br \/>bevor der freie Markt<br \/>seine Blasen auszuwerfen begann<br \/>ein Comic-Strip<br \/>auf dem den Reichen<br \/>das Lachen geh\u00f6rt<br \/>urheberrechtlich gesch\u00fctzt<br \/>bis siebzig Jahre nach ihrem Tod<\/p>\r\n<p>Zu jener Zeit also<br \/>in der ein Begehren<br \/>wie Hoffnung<br \/>zumindest noch Anspruch<br \/>auf politische Zinsen versprach<br \/>mit dem festen Willen<br \/>ohne Not<br \/>kein zus\u00e4tzliches Geld zu drucken<br \/>das in der Brieftasche<br \/>still an Wert verliert<\/p>\r\n<p>Als das Unvermeidliche<br \/>Differenzen<br \/>in Gut-und-B\u00f6se-Gleichungen<br \/>kumulierte<br \/>auf Leibchentausch wartete<br \/>seine Eintrittswahrscheinlichkeit<br \/>Verhaltensannahmen<br \/>und Fortschrittsmessungen<\/p>\r\n<p>regelm\u00e4\u00dfig<br \/>ad absurdum f\u00fchrte<\/p>\r\n<p>&nbsp;<\/p>\r\n<p>&nbsp;<\/p>\r\n<p style=\"text-align: center;\">***<\/p>\r\n<p style=\"text-align: justify;\">Aus dem Zyklus <strong>Bestimmungspunkte<\/strong>, Arbeitstitel f\u00fcr Gedichte von Martin Dragosits.<\/p>\r\n<div id=\"attachment_57270\" style=\"width: 310px\" class=\"wp-caption alignleft\"><a href=\"http:\/\/www.editiondaslabor.de\/blog\/wp-content\/uploads\/2019\/08\/Martin_Dragosits.jpg\"><img loading=\"lazy\" decoding=\"async\" aria-describedby=\"caption-attachment-57270\" class=\"wp-image-57270 size-medium\" src=\"http:\/\/www.editiondaslabor.de\/blog\/wp-content\/uploads\/2019\/08\/Martin_Dragosits-300x204.jpg\" alt=\"\" width=\"300\" height=\"204\" srcset=\"http:\/\/www.editiondaslabor.de\/blog\/wp-content\/uploads\/2019\/08\/Martin_Dragosits-300x204.jpg 300w, http:\/\/www.editiondaslabor.de\/blog\/wp-content\/uploads\/2019\/08\/Martin_Dragosits-560x381.jpg 560w, http:\/\/www.editiondaslabor.de\/blog\/wp-content\/uploads\/2019\/08\/Martin_Dragosits-260x177.jpg 260w, http:\/\/www.editiondaslabor.de\/blog\/wp-content\/uploads\/2019\/08\/Martin_Dragosits-160x109.jpg 160w, http:\/\/www.editiondaslabor.de\/blog\/wp-content\/uploads\/2019\/08\/Martin_Dragosits.jpg 756w\" sizes=\"auto, (max-width: 300px) 100vw, 300px\" \/><\/a><p id=\"caption-attachment-57270\" class=\"wp-caption-text\">Das Recht f\u00fcr dieses Photo liegt bei: Klaus Ebner<\/p><\/div>\r\n<p style=\"text-align: justify;\">Bestimmungspunkte: f\u00fcr die Suche zwischen Widerspr\u00fcchen, sie zu isolieren: <em>Als das W\u00fcnschen noch \/ nach dem Ende der Geschichte fragte. <\/em>Um Zusammenh\u00e4nge herzustellen, Absonderlichkeiten festzuhalten: <em>die Silberfische im Bad \/ haben nicht von der Krise profitiert. <\/em>Sie mittels Aufz\u00e4hlungen zu benennen: <em>Espressoschaumexperten \/ Lustprinzipagenten \/ \u00dcbertragungsjongleure. <\/em>Um unser Verhalten zwischen <em>Hintergrundrauschen und Fluchtbewegung <\/em>zu thematisieren: <em>verlie\u00df mich auf kleine Farben \/ hedonistische Weltverschw\u00f6rung. M<\/em>it Gott und dem Tod zu hadern<em>,<\/em> aus verschiedenen Perspektiven: <em>Irgend so ein G\u00f6tterrelikt \/ ausgebrannt \/ mittleres Management.<\/em> Bestandsaufnahmen zu sammeln, <em>Pro &amp; Contra<\/em> anzuf\u00fchren, spielerisch, erg\u00e4nzt durch <em>Momentaufnahmen<\/em>. <strong>Weiterf\u00fchrend<\/strong> \u2192<\/p>\r\n<!-- \/wp:post-content -->\r\n\r\n<!-- wp:paragraph -->\r\n<p style=\"text-align: justify;\">Um den Widerstand gegen die gepolsterte Gegenwartslyrik ein wenig anzufachen schickte Wolfgang Schlott KUNO dieses\u00a0 post-dadaistische <a href=\"http:\/\/www.editiondaslabor.de\/blog\/2016\/02\/03\/handwerkliche-anleitungen-zur-ueberwindung-von-schreibblockaden\/\">Manifest<\/a>. Eine W\u00fcrdigung\u00a0des Herausgebers und Lyrikers Axel Kutsch im Kreise von Autoren aus Metropole und Hinterland finden Sie <a href=\"http:\/\/www.editiondaslabor.de\/blog\/?p=12833\">hier<\/a>. Poesie ist das identit\u00e4tsstiftende Element der Kultur, KUNOs <a href=\"http:\/\/www.editiondaslabor.de\/blog\/?p=25630\" target=\"_blank\" rel=\"noreferrer noopener\">poetologische Positionsbestimmung<\/a>.<\/p>","protected":false},"excerpt":{"rendered":"<p>&nbsp; Als das W\u00fcnschen nochnach dem Ende der Geschichte fragtewenige Jahrebevor der freie Marktseine Blasen auszuwerfen begannein Comic-Stripauf dem den Reichendas Lachen geh\u00f6rturheberrechtlich gesch\u00fctztbis siebzig Jahre nach ihrem Tod Zu jener Zeit alsoin der ein Begehrenwie Hoffnungzumindest noch Anspruchauf politische&hellip;<\/p>\n<p class=\"more-link-p\"><a class=\"more-link\" href=\"http:\/\/www.editiondaslabor.de\/blog\/2005\/03\/05\/bestimmungspunkte\/\">Read more &rarr;<\/a><\/p>\n","protected":false},"author":189,"featured_media":57270,"comment_status":"closed","ping_status":"closed","sticky":false,"template":"","format":"standard","meta":{"footnotes":""},"categories":[1],"tags":[2359],"class_list":["post-90686","post","type-post","status-publish","format-standard","has-post-thumbnail","hentry","category-literatur","tag-martin-dragosits"],"_links":{"self":[{"href":"http:\/\/www.editiondaslabor.de\/blog\/wp-json\/wp\/v2\/posts\/90686","targetHints":{"allow":["GET"]}}],"collection":[{"href":"http:\/\/www.editiondaslabor.de\/blog\/wp-json\/wp\/v2\/posts"}],"about":[{"href":"http:\/\/www.editiondaslabor.de\/blog\/wp-json\/wp\/v2\/types\/post"}],"author":[{"embeddable":true,"href":"http:\/\/www.editiondaslabor.de\/blog\/wp-json\/wp\/v2\/users\/189"}],"replies":[{"embeddable":true,"href":"http:\/\/www.editiondaslabor.de\/blog\/wp-json\/wp\/v2\/comments?post=90686"}],"version-history":[{"count":0,"href":"http:\/\/www.editiondaslabor.de\/blog\/wp-json\/wp\/v2\/posts\/90686\/revisions"}],"wp:featuredmedia":[{"embeddable":true,"href":"http:\/\/www.editiondaslabor.de\/blog\/wp-json\/"}],"wp:attachment":[{"href":"http:\/\/www.editiondaslabor.de\/blog\/wp-json\/wp\/v2\/media?parent=90686"}],"wp:term":[{"taxonomy":"category","embeddable":true,"href":"http:\/\/www.editiondaslabor.de\/blog\/wp-json\/wp\/v2\/categories?post=90686"},{"taxonomy":"post_tag","embeddable":true,"href":"http:\/\/www.editiondaslabor.de\/blog\/wp-json\/wp\/v2\/tags?post=90686"}],"curies":[{"name":"wp","href":"https:\/\/api.w.org\/{rel}","templated":true}]}}