{"id":90607,"date":"2008-07-14T00:01:05","date_gmt":"2008-07-13T22:01:05","guid":{"rendered":"http:\/\/www.editiondaslabor.de\/blog\/?p=90607"},"modified":"2021-08-14T09:42:50","modified_gmt":"2021-08-14T07:42:50","slug":"schiele","status":"publish","type":"post","link":"http:\/\/www.editiondaslabor.de\/blog\/2008\/07\/14\/schiele\/","title":{"rendered":"SCHIELE"},"content":{"rendered":"<p>&nbsp;<\/p>\r\n<p>Gespreizte Finger<br \/>m\u00f6chten das B\u00f6se abwehren<br \/>den gro\u00dfen Krieg<br \/>den Hunger<br \/>der Schrecken steht dir<br \/>im Gesicht<br \/>die Gliedma\u00dfen verrenkt<br \/>wie nach einem<br \/>Giftgasangriff<\/p>\r\n<p>&nbsp;<\/p>\r\n<p>Heute entz\u00fcckst du<br \/>japanische Touristen<\/p>\r\n<p>&nbsp;<\/p>\r\n<p>Deine pornographischen Zeichnungen<br \/>h\u00e4ngen in den Wohnzimmern<br \/>von Staatsanw\u00e4lten<\/p>\r\n<p>&nbsp;<\/p>\r\n<p>Sp\u00e4te Rache ist s\u00fc\u00df<br \/>Ich hoffe<br \/>du lachst gut<\/p>\r\n<p>&nbsp;<\/p>\r\n<p>&nbsp;<\/p>\r\n<!-- \/wp:post-content -->\r\n\r\n<!-- wp:paragraph {\"align\":\"center\"} -->\r\n<p class=\"has-text-align-center\" style=\"text-align: center;\">***<\/p>\r\n<!-- \/wp:paragraph -->\r\n\r\n<!-- wp:paragraph -->\r\n<p style=\"text-align: justify;\"><strong>Der Teufel hat den Blues verkauft<\/strong>, Gedichte von Martin Dragosits, Arovell Verlag, 2007<\/p>\r\n<p style=\"text-align: justify;\"><a href=\"http:\/\/www.editiondaslabor.de\/blog\/wp-content\/uploads\/2007\/10\/DerTeufel_Cover.jpg\"><img loading=\"lazy\" decoding=\"async\" class=\"alignleft wp-image-90604 size-medium\" src=\"http:\/\/www.editiondaslabor.de\/blog\/wp-content\/uploads\/2007\/10\/DerTeufel_Cover-206x300.jpg\" alt=\"\" width=\"206\" height=\"300\" srcset=\"http:\/\/www.editiondaslabor.de\/blog\/wp-content\/uploads\/2007\/10\/DerTeufel_Cover-206x300.jpg 206w, http:\/\/www.editiondaslabor.de\/blog\/wp-content\/uploads\/2007\/10\/DerTeufel_Cover-260x379.jpg 260w, http:\/\/www.editiondaslabor.de\/blog\/wp-content\/uploads\/2007\/10\/DerTeufel_Cover-160x233.jpg 160w, http:\/\/www.editiondaslabor.de\/blog\/wp-content\/uploads\/2007\/10\/DerTeufel_Cover.jpg 342w\" sizes=\"auto, (max-width: 206px) 100vw, 206px\" \/><\/a>Gedichte \u00fcber alles M\u00f6gliche. Die Bandbreite der Texte reicht von Elvis bis Hendrix, Ramses bis Kennedy, dem Papst, Organh\u00e4ndlern und Au\u00dferirdischen, bis zu Texten \u00fcber die heutige Berufswelt oder der Frage, was wir aus unserem Leben machen. Auf 170 Seiten erfolgt ein kompakter Streifzug durch die Wirklichkeit. So wie sie ist oder sich m\u00f6glicherweise verh\u00e4lt. Eine subjektive Welt, die vielen nicht ganz unbekannt sein d\u00fcrfte. In einem eigenen beschreibenden Ton, zwischen Ironie und Kritik.<\/p>\r\n<p style=\"text-align: justify;\"><strong>Weiterf\u00fchrend \u2192\u00a0<\/strong> Poesie ist das identit\u00e4tsstiftende Element der Kultur, KUNOs <a href=\"http:\/\/www.editiondaslabor.de\/blog\/?p=25630\">poetologische Positionsbestimmung<\/a>.<\/p>\r\n<!-- \/wp:paragraph -->\r\n\r\n<!-- wp:image {\"align\":\"left\",\"id\":57242} -->\r\n<div class=\"wp-block-image\" style=\"text-align: justify;\">\u00a0<\/div>","protected":false},"excerpt":{"rendered":"<p>&nbsp; Gespreizte Fingerm\u00f6chten das B\u00f6se abwehrenden gro\u00dfen Kriegden Hungerder Schrecken steht dirim Gesichtdie Gliedma\u00dfen verrenktwie nach einemGiftgasangriff &nbsp; Heute entz\u00fcckst dujapanische Touristen &nbsp; Deine pornographischen Zeichnungenh\u00e4ngen in den Wohnzimmernvon Staatsanw\u00e4lten &nbsp; Sp\u00e4te Rache ist s\u00fc\u00dfIch hoffedu lachst gut &nbsp; &nbsp;&hellip;<\/p>\n<p class=\"more-link-p\"><a class=\"more-link\" href=\"http:\/\/www.editiondaslabor.de\/blog\/2008\/07\/14\/schiele\/\">Read more &rarr;<\/a><\/p>\n","protected":false},"author":189,"featured_media":90604,"comment_status":"closed","ping_status":"closed","sticky":false,"template":"","format":"standard","meta":{"footnotes":""},"categories":[1],"tags":[2359],"class_list":["post-90607","post","type-post","status-publish","format-standard","has-post-thumbnail","hentry","category-literatur","tag-martin-dragosits"],"_links":{"self":[{"href":"http:\/\/www.editiondaslabor.de\/blog\/wp-json\/wp\/v2\/posts\/90607","targetHints":{"allow":["GET"]}}],"collection":[{"href":"http:\/\/www.editiondaslabor.de\/blog\/wp-json\/wp\/v2\/posts"}],"about":[{"href":"http:\/\/www.editiondaslabor.de\/blog\/wp-json\/wp\/v2\/types\/post"}],"author":[{"embeddable":true,"href":"http:\/\/www.editiondaslabor.de\/blog\/wp-json\/wp\/v2\/users\/189"}],"replies":[{"embeddable":true,"href":"http:\/\/www.editiondaslabor.de\/blog\/wp-json\/wp\/v2\/comments?post=90607"}],"version-history":[{"count":0,"href":"http:\/\/www.editiondaslabor.de\/blog\/wp-json\/wp\/v2\/posts\/90607\/revisions"}],"wp:featuredmedia":[{"embeddable":true,"href":"http:\/\/www.editiondaslabor.de\/blog\/wp-json\/"}],"wp:attachment":[{"href":"http:\/\/www.editiondaslabor.de\/blog\/wp-json\/wp\/v2\/media?parent=90607"}],"wp:term":[{"taxonomy":"category","embeddable":true,"href":"http:\/\/www.editiondaslabor.de\/blog\/wp-json\/wp\/v2\/categories?post=90607"},{"taxonomy":"post_tag","embeddable":true,"href":"http:\/\/www.editiondaslabor.de\/blog\/wp-json\/wp\/v2\/tags?post=90607"}],"curies":[{"name":"wp","href":"https:\/\/api.w.org\/{rel}","templated":true}]}}