{"id":90560,"date":"1990-01-27T00:01:22","date_gmt":"1990-01-26T23:01:22","guid":{"rendered":"http:\/\/www.editiondaslabor.de\/blog\/?p=90560"},"modified":"2021-09-30T16:48:03","modified_gmt":"2021-09-30T14:48:03","slug":"lampenschirm","status":"publish","type":"post","link":"http:\/\/www.editiondaslabor.de\/blog\/1990\/01\/27\/lampenschirm\/","title":{"rendered":"LAMPENSCHIRM"},"content":{"rendered":"<p>&nbsp;<\/p>\r\n<p>gleichgeschaltete duschen<br \/>wo sie nur mehr ein gebet<br \/>sprechen konnten bevor sie<br \/>in todesangst verkrampft<br \/>aufeinander stiegen um ein<br \/>letztes st\u00fcck luft ringend<br \/><br \/>berge von brillen und aus den<br \/>m\u00fcndern geschlagenes zahngold<br \/>\u00fcberlebensreste im schatten des<br \/>drohenden krematoriums<br \/>entrissen der asche dem m\u00f6glichen<br \/>ph\u00f6nix schutthalden der angst<br \/><br \/>lampenschirm aus echter judenhaut<br \/>noch gut erhalten fast frisch<br \/>sonderangebot drittes reich<br \/>schallplatten mit den reden hitlers<br \/>seiner \u00fcberschlagenden stimme<br \/>der lampenschirm garantiert echt<br \/><br \/>gestern in der stra\u00dfenbahn<br \/>der alte mann der \u00fcber<br \/>jugoslawen schimpfte den dreck<br \/>die jugend die demokratie<br \/>der meinte dass es zeit w\u00e4re<br \/>f\u00fcr einen neuen hitler<\/p>\r\n<div class=\"wp-block-spacer\" aria-hidden=\"true\">\u00a0<\/div>\r\n<p>&nbsp;<\/p>\r\n<p>&nbsp;<\/p>\r\n<p style=\"text-align: center;\">***<\/p>\r\n<p style=\"text-align: justify;\">Aus dem Zyklus <strong>Wir sind ein freies Land<\/strong>, Arbeitstitel f\u00fcr Gedichte von Martin Dragosits, die zwischen 1983 und 1993 entstanden.<\/p>\r\n<div id=\"attachment_57270\" style=\"width: 310px\" class=\"wp-caption alignleft\"><a href=\"http:\/\/www.editiondaslabor.de\/blog\/wp-content\/uploads\/2019\/08\/Martin_Dragosits.jpg\"><img loading=\"lazy\" decoding=\"async\" aria-describedby=\"caption-attachment-57270\" class=\"wp-image-57270 size-medium\" src=\"http:\/\/www.editiondaslabor.de\/blog\/wp-content\/uploads\/2019\/08\/Martin_Dragosits-300x204.jpg\" alt=\"\" width=\"300\" height=\"204\" srcset=\"http:\/\/www.editiondaslabor.de\/blog\/wp-content\/uploads\/2019\/08\/Martin_Dragosits-300x204.jpg 300w, http:\/\/www.editiondaslabor.de\/blog\/wp-content\/uploads\/2019\/08\/Martin_Dragosits-560x381.jpg 560w, http:\/\/www.editiondaslabor.de\/blog\/wp-content\/uploads\/2019\/08\/Martin_Dragosits-260x177.jpg 260w, http:\/\/www.editiondaslabor.de\/blog\/wp-content\/uploads\/2019\/08\/Martin_Dragosits-160x109.jpg 160w, http:\/\/www.editiondaslabor.de\/blog\/wp-content\/uploads\/2019\/08\/Martin_Dragosits.jpg 756w\" sizes=\"auto, (max-width: 300px) 100vw, 300px\" \/><\/a><p id=\"caption-attachment-57270\" class=\"wp-caption-text\">Das Recht f\u00fcr dieses Photo liegt bei: Klaus Ebner<\/p><\/div>\r\n<p style=\"text-align: justify;\"><strong>Weiterf\u00fchrend<\/strong> \u2192<\/p>\r\n<!-- \/wp:post-content -->\r\n\r\n<!-- wp:paragraph -->\r\n<p style=\"text-align: justify;\">Um den Widerstand gegen die gepolsterte Gegenwartslyrik ein wenig anzufachen schickte Wolfgang Schlott KUNO dieses\u00a0 post-dadaistische <a href=\"http:\/\/www.editiondaslabor.de\/blog\/2016\/02\/03\/handwerkliche-anleitungen-zur-ueberwindung-von-schreibblockaden\/\">Manifest<\/a>. Eine W\u00fcrdigung\u00a0des Herausgebers und Lyrikers Axel Kutsch im Kreise von Autoren aus Metropole und Hinterland finden Sie <a href=\"http:\/\/www.editiondaslabor.de\/blog\/?p=12833\">hier<\/a>. Poesie ist das identit\u00e4tsstiftende Element der Kultur, KUNOs <a href=\"http:\/\/www.editiondaslabor.de\/blog\/?p=25630\" target=\"_blank\" rel=\"noreferrer noopener\">poetologische Positionsbestimmung<\/a>.<\/p>","protected":false},"excerpt":{"rendered":"<p>&nbsp; gleichgeschaltete duschenwo sie nur mehr ein gebetsprechen konnten bevor siein todesangst verkrampftaufeinander stiegen um einletztes st\u00fcck luft ringend berge von brillen und aus denm\u00fcndern geschlagenes zahngold\u00fcberlebensreste im schatten desdrohenden krematoriumsentrissen der asche dem m\u00f6glichenph\u00f6nix schutthalden der angst lampenschirm aus&hellip;<\/p>\n<p class=\"more-link-p\"><a class=\"more-link\" href=\"http:\/\/www.editiondaslabor.de\/blog\/1990\/01\/27\/lampenschirm\/\">Read more &rarr;<\/a><\/p>\n","protected":false},"author":189,"featured_media":57270,"comment_status":"closed","ping_status":"closed","sticky":false,"template":"","format":"standard","meta":{"footnotes":""},"categories":[1],"tags":[2359],"class_list":["post-90560","post","type-post","status-publish","format-standard","has-post-thumbnail","hentry","category-literatur","tag-martin-dragosits"],"_links":{"self":[{"href":"http:\/\/www.editiondaslabor.de\/blog\/wp-json\/wp\/v2\/posts\/90560","targetHints":{"allow":["GET"]}}],"collection":[{"href":"http:\/\/www.editiondaslabor.de\/blog\/wp-json\/wp\/v2\/posts"}],"about":[{"href":"http:\/\/www.editiondaslabor.de\/blog\/wp-json\/wp\/v2\/types\/post"}],"author":[{"embeddable":true,"href":"http:\/\/www.editiondaslabor.de\/blog\/wp-json\/wp\/v2\/users\/189"}],"replies":[{"embeddable":true,"href":"http:\/\/www.editiondaslabor.de\/blog\/wp-json\/wp\/v2\/comments?post=90560"}],"version-history":[{"count":0,"href":"http:\/\/www.editiondaslabor.de\/blog\/wp-json\/wp\/v2\/posts\/90560\/revisions"}],"wp:featuredmedia":[{"embeddable":true,"href":"http:\/\/www.editiondaslabor.de\/blog\/wp-json\/"}],"wp:attachment":[{"href":"http:\/\/www.editiondaslabor.de\/blog\/wp-json\/wp\/v2\/media?parent=90560"}],"wp:term":[{"taxonomy":"category","embeddable":true,"href":"http:\/\/www.editiondaslabor.de\/blog\/wp-json\/wp\/v2\/categories?post=90560"},{"taxonomy":"post_tag","embeddable":true,"href":"http:\/\/www.editiondaslabor.de\/blog\/wp-json\/wp\/v2\/tags?post=90560"}],"curies":[{"name":"wp","href":"https:\/\/api.w.org\/{rel}","templated":true}]}}