{"id":90448,"date":"1999-11-21T00:01:31","date_gmt":"1999-11-20T23:01:31","guid":{"rendered":"http:\/\/www.editiondaslabor.de\/blog\/?p=90448"},"modified":"2022-02-21T15:28:51","modified_gmt":"2022-02-21T14:28:51","slug":"gebrauchsinformation","status":"publish","type":"post","link":"http:\/\/www.editiondaslabor.de\/blog\/1999\/11\/21\/gebrauchsinformation\/","title":{"rendered":"Gebrauchsinformation"},"content":{"rendered":"<p>&nbsp;<\/p>\r\n<p>Es ist kein gro\u00dfer Unterschied,<\/p>\r\n<p>ob Sie dieses Gedicht<\/p>\r\n<p>oder ein anderes<\/p>\r\n<p>im Stehen lesen<\/p>\r\n<p>oder im Liegen,<\/p>\r\n<p>im Licht einer Taschen-<\/p>\r\n<p>oder Neonlampe<\/p>\r\n<p>oder einer Kerze,<\/p>\r\n<p>nachdem der b\u00f6se Nachbar<\/p>\r\n<p>gegangen oder die Freundin<\/p>\r\n<p>gekommen ist,<\/p>\r\n<p>zum Fr\u00fchst\u00fcck<\/p>\r\n<p>oder zum Abendessen &#8211;<\/p>\r\n<p>Aber alles h\u00e4ngt davon ab,<\/p>\r\n<p>wie viele und welche<\/p>\r\n<p>Gedichte Sie<\/p>\r\n<p>vorher zu sich genommen haben.<\/p>\r\n<p>&nbsp;<\/p>\r\n<p>&nbsp;<\/p>\r\n<p class=\"has-text-align-center\" style=\"text-align: center;\">***<\/p>\r\n<!-- \/wp:post-content -->\r\n\r\n<!-- wp:image {\"align\":\"left\",\"id\":62176,\"sizeSlug\":\"large\"} -->\r\n<div class=\"wp-block-image\">\r\n<figure class=\"alignleft size-large\"><img loading=\"lazy\" decoding=\"async\" width=\"278\" height=\"382\" class=\"wp-image-62176\" src=\"http:\/\/www.editiondaslabor.de\/blog\/wp-content\/uploads\/2020\/03\/image-10.jpeg\" alt=\"\" srcset=\"http:\/\/www.editiondaslabor.de\/blog\/wp-content\/uploads\/2020\/03\/image-10.jpeg 278w, http:\/\/www.editiondaslabor.de\/blog\/wp-content\/uploads\/2020\/03\/image-10-218x300.jpeg 218w, http:\/\/www.editiondaslabor.de\/blog\/wp-content\/uploads\/2020\/03\/image-10-260x357.jpeg 260w, http:\/\/www.editiondaslabor.de\/blog\/wp-content\/uploads\/2020\/03\/image-10-160x220.jpeg 160w\" sizes=\"auto, (max-width: 278px) 100vw, 278px\" \/><\/figure>\r\n<\/div>\r\n<!-- \/wp:image -->\r\n\r\n<!-- wp:paragraph -->\r\n<p style=\"text-align: justify;\">Seit Mitte der 1990er-Jahre ver\u00f6ffentlichte Zander Gedichte und Aphorismen. Seine lakonischen (immer wieder auch metalyrischen) Gedichte, die u. a. in Literaturzeitschriften wie <em>ndl<\/em>, <em>Muschelhaufen<\/em>, <em>Faltblatt<\/em> und Anthologien wie Axel Kutsch, <a href=\"http:\/\/www.editiondaslabor.de\/blog\/?p=12833\"><em>Versnetze<\/em><\/a> (2005) oder Theo Breuer, <em>NordWestS\u00fcdOst<\/em> (2003) sowie in bislang vier Gedichtb\u00e4nden erschienen, setzen sich auf ironisch-distanzierte Art und Weise mit Alltag und Gesellschaft aus der Sicht eines welterfahrenen Menschen auseinander.<\/p>\r\n<!-- \/wp:paragraph -->\r\n\r\n<!-- wp:paragraph -->\r\n<p style=\"text-align: justify;\"><strong>Weiterf\u00fchrend \u2192<\/strong><\/p>\r\n<!-- \/wp:paragraph -->\r\n\r\n<!-- wp:paragraph -->\r\n<p style=\"text-align: justify;\">Lesen Sie auch seinen <a href=\"http:\/\/www.editiondaslabor.de\/blog\/?p=5418\">Essay <\/a>\u00fcber Lyrik. \u2013 Poesie ist das identit\u00e4tsstiftende Element der Kultur, KUNOs <a href=\"http:\/\/www.editiondaslabor.de\/blog\/?p=25630\">poetologische Positionsbestimmung<\/a>.<\/p>","protected":false},"excerpt":{"rendered":"<p>&nbsp; Es ist kein gro\u00dfer Unterschied, ob Sie dieses Gedicht oder ein anderes im Stehen lesen oder im Liegen, im Licht einer Taschen- oder Neonlampe oder einer Kerze, nachdem der b\u00f6se Nachbar gegangen oder die Freundin gekommen ist, zum Fr\u00fchst\u00fcck&hellip;<\/p>\n<p class=\"more-link-p\"><a class=\"more-link\" href=\"http:\/\/www.editiondaslabor.de\/blog\/1999\/11\/21\/gebrauchsinformation\/\">Read more &rarr;<\/a><\/p>\n","protected":false},"author":31,"featured_media":99196,"comment_status":"closed","ping_status":"closed","sticky":false,"template":"","format":"standard","meta":{"footnotes":""},"categories":[1],"tags":[173],"class_list":["post-90448","post","type-post","status-publish","format-standard","has-post-thumbnail","hentry","category-literatur","tag-maximilian-zander"],"_links":{"self":[{"href":"http:\/\/www.editiondaslabor.de\/blog\/wp-json\/wp\/v2\/posts\/90448","targetHints":{"allow":["GET"]}}],"collection":[{"href":"http:\/\/www.editiondaslabor.de\/blog\/wp-json\/wp\/v2\/posts"}],"about":[{"href":"http:\/\/www.editiondaslabor.de\/blog\/wp-json\/wp\/v2\/types\/post"}],"author":[{"embeddable":true,"href":"http:\/\/www.editiondaslabor.de\/blog\/wp-json\/wp\/v2\/users\/31"}],"replies":[{"embeddable":true,"href":"http:\/\/www.editiondaslabor.de\/blog\/wp-json\/wp\/v2\/comments?post=90448"}],"version-history":[{"count":1,"href":"http:\/\/www.editiondaslabor.de\/blog\/wp-json\/wp\/v2\/posts\/90448\/revisions"}],"predecessor-version":[{"id":99253,"href":"http:\/\/www.editiondaslabor.de\/blog\/wp-json\/wp\/v2\/posts\/90448\/revisions\/99253"}],"wp:featuredmedia":[{"embeddable":true,"href":"http:\/\/www.editiondaslabor.de\/blog\/wp-json\/wp\/v2\/media\/99196"}],"wp:attachment":[{"href":"http:\/\/www.editiondaslabor.de\/blog\/wp-json\/wp\/v2\/media?parent=90448"}],"wp:term":[{"taxonomy":"category","embeddable":true,"href":"http:\/\/www.editiondaslabor.de\/blog\/wp-json\/wp\/v2\/categories?post=90448"},{"taxonomy":"post_tag","embeddable":true,"href":"http:\/\/www.editiondaslabor.de\/blog\/wp-json\/wp\/v2\/tags?post=90448"}],"curies":[{"name":"wp","href":"https:\/\/api.w.org\/{rel}","templated":true}]}}