{"id":90396,"date":"1995-10-27T00:01:36","date_gmt":"1995-10-26T23:01:36","guid":{"rendered":"http:\/\/www.editiondaslabor.de\/blog\/?p=90396"},"modified":"2021-10-07T17:06:30","modified_gmt":"2021-10-07T15:06:30","slug":"rhein-2","status":"publish","type":"post","link":"http:\/\/www.editiondaslabor.de\/blog\/1995\/10\/27\/rhein-2\/","title":{"rendered":"Rhein"},"content":{"rendered":"<p>&nbsp;<\/p>\r\n<p style=\"text-align: center;\"><a href=\"http:\/\/www.editiondaslabor.de\/blog\/wp-content\/uploads\/2021\/08\/Rhein.jpeg\"><img loading=\"lazy\" decoding=\"async\" class=\"alignnone size-full wp-image-90397\" src=\"http:\/\/www.editiondaslabor.de\/blog\/wp-content\/uploads\/2021\/08\/Rhein.jpeg\" alt=\"\" width=\"414\" height=\"626\" srcset=\"http:\/\/www.editiondaslabor.de\/blog\/wp-content\/uploads\/2021\/08\/Rhein.jpeg 414w, http:\/\/www.editiondaslabor.de\/blog\/wp-content\/uploads\/2021\/08\/Rhein-198x300.jpeg 198w, http:\/\/www.editiondaslabor.de\/blog\/wp-content\/uploads\/2021\/08\/Rhein-260x393.jpeg 260w, http:\/\/www.editiondaslabor.de\/blog\/wp-content\/uploads\/2021\/08\/Rhein-160x242.jpeg 160w\" sizes=\"auto, (max-width: 414px) 100vw, 414px\" \/><\/a><\/p>\r\n<p class=\"rez\" style=\"text-align: justify;\">\u00a0<\/p>\r\n\r\n\r\n\r\n<h5 class=\"wp-block-heading\">Weiterf\u00fchrend \u2192<\/h5>\r\n\r\n\r\n\r\n<p style=\"text-align: justify;\">Einen Essay zur Ausstellung <em>50 Jahre Krumscheid \/ Meilchen<\/em> lesen Sie <a href=\"http:\/\/www.editiondaslabor.de\/blog\/?p=21518\">hier<\/a>. Zur Ausstellung <a href=\"http:\/\/www.editiondaslabor.de\/?p=591\">erschien <\/a>das Buch \/ Katalog-Projekt <em>Wortspielhalle<\/em> mit der Reihe <em>Fr\u00fchlingel<\/em> von Peter Meilchen und einem\u00a0Vorwort von Klaus Krumscheid.\u00a0Die Sprechpartitur wurde mit dem <a href=\"http:\/\/www.editiondaslabor.de\/blog\/?p=22035\">lime_lab<\/a> ausgezeichnet.\u00a0Mit einer <a href=\"http:\/\/www.vordenker.de\/hungertuch\/taeger2001.htm\">Laudatio<\/a> wurde der Hungertuch-Preistr\u00e4ger Tom T\u00e4ger und seine Arbeit im Tonstudio an der Ruhr gew\u00fcrdigt. Eine W\u00fcrdigung des Lebenswerks von Peter Meilchen findet sich <a href=\"http:\/\/www.editiondaslabor.de\/blog\/?p=12763\">hier<\/a>. Mit den <a href=\"http:\/\/www.editiondaslabor.de\/blog\/?p=6036\"><em>Vignetten<\/em><\/a> definiert A.J. <a href=\"http:\/\/de.wikipedia.org\/wiki\/Weigoni\">Weigoni<\/a> die Literaturgattung der Novelle neu. Einen Essay zum Buch \/ Katalog-Projekt <em>630<\/em> zu finden Sie <a href=\"http:\/\/www.editiondaslabor.de\/blog\/?p=46549\">hier<\/a>.<\/p>\r\n","protected":false},"excerpt":{"rendered":"<p>&nbsp; \u00a0 Weiterf\u00fchrend \u2192 Einen Essay zur Ausstellung 50 Jahre Krumscheid \/ Meilchen lesen Sie hier. Zur Ausstellung erschien das Buch \/ Katalog-Projekt Wortspielhalle mit der Reihe Fr\u00fchlingel von Peter Meilchen und einem\u00a0Vorwort von Klaus Krumscheid.\u00a0Die Sprechpartitur wurde mit dem&hellip;<\/p>\n<p class=\"more-link-p\"><a class=\"more-link\" href=\"http:\/\/www.editiondaslabor.de\/blog\/1995\/10\/27\/rhein-2\/\">Read more &rarr;<\/a><\/p>\n","protected":false},"author":52,"featured_media":90397,"comment_status":"closed","ping_status":"closed","sticky":false,"template":"","format":"standard","meta":{"footnotes":""},"categories":[1],"tags":[52],"class_list":["post-90396","post","type-post","status-publish","format-standard","has-post-thumbnail","hentry","category-literatur","tag-peter-meilchen"],"_links":{"self":[{"href":"http:\/\/www.editiondaslabor.de\/blog\/wp-json\/wp\/v2\/posts\/90396","targetHints":{"allow":["GET"]}}],"collection":[{"href":"http:\/\/www.editiondaslabor.de\/blog\/wp-json\/wp\/v2\/posts"}],"about":[{"href":"http:\/\/www.editiondaslabor.de\/blog\/wp-json\/wp\/v2\/types\/post"}],"author":[{"embeddable":true,"href":"http:\/\/www.editiondaslabor.de\/blog\/wp-json\/wp\/v2\/users\/52"}],"replies":[{"embeddable":true,"href":"http:\/\/www.editiondaslabor.de\/blog\/wp-json\/wp\/v2\/comments?post=90396"}],"version-history":[{"count":0,"href":"http:\/\/www.editiondaslabor.de\/blog\/wp-json\/wp\/v2\/posts\/90396\/revisions"}],"wp:featuredmedia":[{"embeddable":true,"href":"http:\/\/www.editiondaslabor.de\/blog\/wp-json\/"}],"wp:attachment":[{"href":"http:\/\/www.editiondaslabor.de\/blog\/wp-json\/wp\/v2\/media?parent=90396"}],"wp:term":[{"taxonomy":"category","embeddable":true,"href":"http:\/\/www.editiondaslabor.de\/blog\/wp-json\/wp\/v2\/categories?post=90396"},{"taxonomy":"post_tag","embeddable":true,"href":"http:\/\/www.editiondaslabor.de\/blog\/wp-json\/wp\/v2\/tags?post=90396"}],"curies":[{"name":"wp","href":"https:\/\/api.w.org\/{rel}","templated":true}]}}