{"id":90390,"date":"2002-12-13T00:01:33","date_gmt":"2002-12-12T23:01:33","guid":{"rendered":"http:\/\/www.editiondaslabor.de\/blog\/?p=90390"},"modified":"2022-03-07T15:40:25","modified_gmt":"2022-03-07T14:40:25","slug":"schland_replika","status":"publish","type":"post","link":"http:\/\/www.editiondaslabor.de\/blog\/2002\/12\/13\/schland_replika\/","title":{"rendered":"Schland_Replika"},"content":{"rendered":"<div id=\"attachment_90401\" style=\"width: 424px\" class=\"wp-caption aligncenter\"><a href=\"http:\/\/www.editiondaslabor.de\/blog\/wp-content\/uploads\/2021\/08\/Schland.jpeg\"><img loading=\"lazy\" decoding=\"async\" aria-describedby=\"caption-attachment-90401\" class=\"wp-image-90401 size-full\" src=\"http:\/\/www.editiondaslabor.de\/blog\/wp-content\/uploads\/2021\/08\/Schland.jpeg\" alt=\"\" width=\"414\" height=\"626\" srcset=\"http:\/\/www.editiondaslabor.de\/blog\/wp-content\/uploads\/2021\/08\/Schland.jpeg 414w, http:\/\/www.editiondaslabor.de\/blog\/wp-content\/uploads\/2021\/08\/Schland-198x300.jpeg 198w, http:\/\/www.editiondaslabor.de\/blog\/wp-content\/uploads\/2021\/08\/Schland-260x393.jpeg 260w, http:\/\/www.editiondaslabor.de\/blog\/wp-content\/uploads\/2021\/08\/Schland-160x242.jpeg 160w\" sizes=\"auto, (max-width: 414px) 100vw, 414px\" \/><\/a><p id=\"caption-attachment-90401\" class=\"wp-caption-text\">R\u00fcckblick auf Schland, Ausstellung von Peter Meilchen in der Werkstattgalerie Der Bogen, am 13.12.1992.<\/p><\/div>\n<h5><\/h5>\n<h5>Weiterf\u00fchrend \u2192<\/h5>\n<p style=\"text-align: justify;\"><span style=\"color: #999999;\">Anmerkung der Redaktion:<\/span> Zur Ausstellungser\u00f6ffnung wird der Super-8-Film <a href=\"https:\/\/www.youtube.com\/watch?v=SMFU2_5xl-E\">Schland<\/a> mit einem Ohr-Ratorium von A.J. Weigoni uraufgef\u00fchrt. Frank Michaelis, Saxophon (Komposition), <a href=\"http:\/\/www.logopaedie-haberstroh.de\/\">Marion Haberstroh<\/a> und <a href=\"http:\/\/www.moderator-event-moennich.de\/moderator\/schauspiel.htm\">Kai M\u00f6nnich<\/a>, Schauspieler. &#8211; Remastered von <a href=\"http:\/\/www.tonstudio-an-der-ruhr.de\/\">Tom T\u00e4ger<\/a> f\u00fcr die Edition Das Labor, M\u00fclheim an der Ruhr als DVD.<\/p>\n<p><iframe loading=\"lazy\" title=\"Schland\" width=\"860\" height=\"645\" src=\"https:\/\/www.youtube.com\/embed\/SMFU2_5xl-E?feature=oembed\" frameborder=\"0\" allow=\"accelerometer; autoplay; clipboard-write; encrypted-media; gyroscope; picture-in-picture\" allowfullscreen><\/iframe><\/p>\n<p><strong>Schland<\/strong>, DVD, Edition Das Labor, M\u00fclheim 2009<\/p>\n","protected":false},"excerpt":{"rendered":"<p>Weiterf\u00fchrend \u2192 Anmerkung der Redaktion: Zur Ausstellungser\u00f6ffnung wird der Super-8-Film Schland mit einem Ohr-Ratorium von A.J. Weigoni uraufgef\u00fchrt. Frank Michaelis, Saxophon (Komposition), Marion Haberstroh und Kai M\u00f6nnich, Schauspieler. &#8211; Remastered von Tom T\u00e4ger f\u00fcr die Edition Das Labor, M\u00fclheim an&hellip;<\/p>\n<p class=\"more-link-p\"><a class=\"more-link\" href=\"http:\/\/www.editiondaslabor.de\/blog\/2002\/12\/13\/schland_replika\/\">Read more &rarr;<\/a><\/p>\n","protected":false},"author":52,"featured_media":99471,"comment_status":"closed","ping_status":"closed","sticky":false,"template":"","format":"standard","meta":{"footnotes":""},"categories":[1],"tags":[628,1289,1151,52],"class_list":["post-90390","post","type-post","status-publish","format-standard","has-post-thumbnail","hentry","category-literatur","tag-a-j-weigoni","tag-kai-monnich","tag-marion-haberstroh","tag-peter-meilchen"],"_links":{"self":[{"href":"http:\/\/www.editiondaslabor.de\/blog\/wp-json\/wp\/v2\/posts\/90390","targetHints":{"allow":["GET"]}}],"collection":[{"href":"http:\/\/www.editiondaslabor.de\/blog\/wp-json\/wp\/v2\/posts"}],"about":[{"href":"http:\/\/www.editiondaslabor.de\/blog\/wp-json\/wp\/v2\/types\/post"}],"author":[{"embeddable":true,"href":"http:\/\/www.editiondaslabor.de\/blog\/wp-json\/wp\/v2\/users\/52"}],"replies":[{"embeddable":true,"href":"http:\/\/www.editiondaslabor.de\/blog\/wp-json\/wp\/v2\/comments?post=90390"}],"version-history":[{"count":1,"href":"http:\/\/www.editiondaslabor.de\/blog\/wp-json\/wp\/v2\/posts\/90390\/revisions"}],"predecessor-version":[{"id":102144,"href":"http:\/\/www.editiondaslabor.de\/blog\/wp-json\/wp\/v2\/posts\/90390\/revisions\/102144"}],"wp:featuredmedia":[{"embeddable":true,"href":"http:\/\/www.editiondaslabor.de\/blog\/wp-json\/wp\/v2\/media\/99471"}],"wp:attachment":[{"href":"http:\/\/www.editiondaslabor.de\/blog\/wp-json\/wp\/v2\/media?parent=90390"}],"wp:term":[{"taxonomy":"category","embeddable":true,"href":"http:\/\/www.editiondaslabor.de\/blog\/wp-json\/wp\/v2\/categories?post=90390"},{"taxonomy":"post_tag","embeddable":true,"href":"http:\/\/www.editiondaslabor.de\/blog\/wp-json\/wp\/v2\/tags?post=90390"}],"curies":[{"name":"wp","href":"https:\/\/api.w.org\/{rel}","templated":true}]}}