{"id":90139,"date":"2007-05-31T00:01:08","date_gmt":"2007-05-30T22:01:08","guid":{"rendered":"http:\/\/www.editiondaslabor.de\/blog\/?p=90139"},"modified":"2021-11-12T08:13:11","modified_gmt":"2021-11-12T07:13:11","slug":"wandemiade","status":"publish","type":"post","link":"http:\/\/www.editiondaslabor.de\/blog\/2007\/05\/31\/wandemiade\/","title":{"rendered":"Wandemiade"},"content":{"rendered":"<p>&nbsp;<\/p>\n<div id=\"attachment_90140\" style=\"width: 555px\" class=\"wp-caption aligncenter\"><a href=\"http:\/\/www.editiondaslabor.de\/blog\/wp-content\/uploads\/2021\/08\/arte02.jpg\"><img loading=\"lazy\" decoding=\"async\" aria-describedby=\"caption-attachment-90140\" class=\"wp-image-90140 size-full\" src=\"http:\/\/www.editiondaslabor.de\/blog\/wp-content\/uploads\/2021\/08\/arte02.jpg\" alt=\"\" width=\"545\" height=\"409\" srcset=\"http:\/\/www.editiondaslabor.de\/blog\/wp-content\/uploads\/2021\/08\/arte02.jpg 545w, http:\/\/www.editiondaslabor.de\/blog\/wp-content\/uploads\/2021\/08\/arte02-300x225.jpg 300w, http:\/\/www.editiondaslabor.de\/blog\/wp-content\/uploads\/2021\/08\/arte02-260x195.jpg 260w, http:\/\/www.editiondaslabor.de\/blog\/wp-content\/uploads\/2021\/08\/arte02-160x120.jpg 160w\" sizes=\"auto, (max-width: 545px) 100vw, 545px\" \/><\/a><p id=\"caption-attachment-90140\" class=\"wp-caption-text\">Wandprojektion auf Mauer in der Gartensiedlung Kalscheurer Weg, K\u00f6ln<br \/>Mauer (ca. 240 x 200 cm),<\/p><\/div>\n<p>&nbsp;<\/p>\n<p style=\"text-align: justify;\">Anl\u00e4sslich der Ausstellung ARTEMIADE in der Gartensiedlung Kalscheurer Weg habe ich f\u00fcr eine vereinzelt auf einem verwilderten Grundst\u00fcck stehende gemauerte Wand eine zweiteilige Videoarbeit produziert: Ab der Abendd\u00e4mmerung projizierte ein Videobeamer in endloser Folge im Wechsel Teil 1, der die Mauer innerhalb von ca. 7 Minuten langsam und beinahe unmerklich durch ein dicht wucherndes Brombeergestr\u00fcpp scheinbar zuwachsen lie\u00df. Teil 2, der ca. 3 Minuten dauerte, legte \u00fcber die handgemachten roten Klinkersteine sukzessiv eine virtuelle Wand aus regelm\u00e4\u00dfigen wei\u00dfen Lichtfeldern.<\/p>\n<p>&nbsp;<\/p>\n<p><strong>Weiterf\u00fchrend<\/strong> \u2192 Mehr \u00fcber die<a href=\"http:\/\/www.editiondaslabor.de\/blog\/2007\/07\/10\/das-hungertuch-fuer-katja-butt\/\"> Hungertuchpreistr\u00e4geri<\/a>n Katja Butt.<\/p>\n","protected":false},"excerpt":{"rendered":"<p>&nbsp; &nbsp; Anl\u00e4sslich der Ausstellung ARTEMIADE in der Gartensiedlung Kalscheurer Weg habe ich f\u00fcr eine vereinzelt auf einem verwilderten Grundst\u00fcck stehende gemauerte Wand eine zweiteilige Videoarbeit produziert: Ab der Abendd\u00e4mmerung projizierte ein Videobeamer in endloser Folge im Wechsel Teil 1,&hellip;<\/p>\n<p class=\"more-link-p\"><a class=\"more-link\" href=\"http:\/\/www.editiondaslabor.de\/blog\/2007\/05\/31\/wandemiade\/\">Read more &rarr;<\/a><\/p>\n","protected":false},"author":174,"featured_media":90140,"comment_status":"closed","ping_status":"closed","sticky":false,"template":"","format":"standard","meta":{"footnotes":""},"categories":[1],"tags":[96],"class_list":["post-90139","post","type-post","status-publish","format-standard","has-post-thumbnail","hentry","category-literatur","tag-katja-butt"],"_links":{"self":[{"href":"http:\/\/www.editiondaslabor.de\/blog\/wp-json\/wp\/v2\/posts\/90139","targetHints":{"allow":["GET"]}}],"collection":[{"href":"http:\/\/www.editiondaslabor.de\/blog\/wp-json\/wp\/v2\/posts"}],"about":[{"href":"http:\/\/www.editiondaslabor.de\/blog\/wp-json\/wp\/v2\/types\/post"}],"author":[{"embeddable":true,"href":"http:\/\/www.editiondaslabor.de\/blog\/wp-json\/wp\/v2\/users\/174"}],"replies":[{"embeddable":true,"href":"http:\/\/www.editiondaslabor.de\/blog\/wp-json\/wp\/v2\/comments?post=90139"}],"version-history":[{"count":0,"href":"http:\/\/www.editiondaslabor.de\/blog\/wp-json\/wp\/v2\/posts\/90139\/revisions"}],"wp:featuredmedia":[{"embeddable":true,"href":"http:\/\/www.editiondaslabor.de\/blog\/wp-json\/"}],"wp:attachment":[{"href":"http:\/\/www.editiondaslabor.de\/blog\/wp-json\/wp\/v2\/media?parent=90139"}],"wp:term":[{"taxonomy":"category","embeddable":true,"href":"http:\/\/www.editiondaslabor.de\/blog\/wp-json\/wp\/v2\/categories?post=90139"},{"taxonomy":"post_tag","embeddable":true,"href":"http:\/\/www.editiondaslabor.de\/blog\/wp-json\/wp\/v2\/tags?post=90139"}],"curies":[{"name":"wp","href":"https:\/\/api.w.org\/{rel}","templated":true}]}}