{"id":90001,"date":"2023-10-21T00:01:56","date_gmt":"2023-10-20T22:01:56","guid":{"rendered":"http:\/\/www.editiondaslabor.de\/blog\/?p=90001"},"modified":"2022-02-26T08:20:01","modified_gmt":"2022-02-26T07:20:01","slug":"oh-haar-mein-hut","status":"publish","type":"post","link":"http:\/\/www.editiondaslabor.de\/blog\/2023\/10\/21\/oh-haar-mein-hut\/","title":{"rendered":"Oh Haar mein Hut!"},"content":{"rendered":"<p>&nbsp;<\/p>\n<p style=\"text-align: justify;\">Wenn das Haar ein Hut ist, der herrlichste Hut, den es seit Menschengedenken gibt, weil er jeden Tag ein anderer, ver\u00e4nderbarer ist, dann ist jeder Hut, der nicht aus abbrechbarem, nicht aus ausfallbarem Stoff besteht, ein architektonisches Element, sprich, etwas Zus\u00e4tzliches, Antragbares, ein fremdes, fremdstoffliches, variables und variierbares Element, das dem Kopf guttut, ihn aufwertet, ihn erh\u00f6ht; der Hut verweist auf Welt sprich die Welt dessen, dem er aufsitzt, eine Rundform, etwas kugelig, minimal gewellt an der Oberfl\u00e4che. Mit angepa\u00dftem Sitz ist der Hut ein tragendes, ein getragenes Juwel, eine umspannende und gespannte Arena, innerhalb derer bald Abbrechbares, bald Ausfallbares sich zum letzten Male str\u00e4uben kann, zu Berge stehen unbeobachtbar, heimlich.<\/p>\n<p style=\"text-align: justify;\">Ein Hut kann wie ein entl\u00fcfteter Ballon zusammenfallen, sobald er seinem Tr\u00e4ger entrissen wurde. Man kennt aber auch H\u00fcte, die ihre Besitzer mitsamt ihrer darunter attrapierten Frisur kurzfristig verlie\u00dfen, nachdem sie zum Gru\u00df gel\u00fcftet worden waren.<\/p>\n<p style=\"text-align: justify;\">Mit Hut und Haar hat einer seine Stellung verloren, als er seine Haut retten wollte!<\/p>\n<p>&nbsp;<\/p>\n<p>&nbsp;<\/p>\n<p style=\"text-align: center;\">***<\/p>\n<p style=\"text-align: justify;\"><strong>Pro toto Typen<\/strong>, von Angelika Janz, KUNO 2023<\/p>\n<p style=\"text-align: justify;\"><strong><a href=\"http:\/\/www.editiondaslabor.de\/blog\/wp-content\/uploads\/2023\/12\/prototo.jpeg\"><img loading=\"lazy\" decoding=\"async\" class=\"alignleft wp-image-89981 size-medium\" src=\"http:\/\/www.editiondaslabor.de\/blog\/wp-content\/uploads\/2023\/12\/prototo-278x300.jpeg\" alt=\"\" width=\"278\" height=\"300\" srcset=\"http:\/\/www.editiondaslabor.de\/blog\/wp-content\/uploads\/2023\/12\/prototo-278x300.jpeg 278w, http:\/\/www.editiondaslabor.de\/blog\/wp-content\/uploads\/2023\/12\/prototo-950x1024.jpeg 950w, http:\/\/www.editiondaslabor.de\/blog\/wp-content\/uploads\/2023\/12\/prototo-768x828.jpeg 768w, http:\/\/www.editiondaslabor.de\/blog\/wp-content\/uploads\/2023\/12\/prototo-560x604.jpeg 560w, http:\/\/www.editiondaslabor.de\/blog\/wp-content\/uploads\/2023\/12\/prototo-260x280.jpeg 260w, http:\/\/www.editiondaslabor.de\/blog\/wp-content\/uploads\/2023\/12\/prototo-160x173.jpeg 160w, http:\/\/www.editiondaslabor.de\/blog\/wp-content\/uploads\/2023\/12\/prototo.jpeg 960w\" sizes=\"auto, (max-width: 278px) 100vw, 278px\" \/><\/a>Weiterf\u00fchrend\u00a0<\/strong><strong>\u2192<\/strong><strong>\u00a0<\/strong><\/p>\n<p style=\"text-align: justify;\">Lesen Sie auch das\u00a0<a href=\"http:\/\/www.editiondaslabor.de\/blog\/?p=36409\">Kollegengespr\u00e4ch<\/a>, das A.J. Weigoni mit Angelika Janz \u00fcber den Zyklus\u00a0<em>fern, fern<\/em>\u00a0gef\u00fchrt hat. Vertiefend ein\u00a0<a href=\"http:\/\/www.editiondaslabor.de\/blog\/?p=22835\">Portr\u00e4t\u00a0<\/a>\u00fcber ihre interdisziplin\u00e4re T\u00e4tigkeit, sowie einen\u00a0<a href=\"http:\/\/www.editiondaslabor.de\/blog\/?p=29450\">Essay<\/a>\u00a0der\u00a0<em>Fragmenttexterin<\/em>. Ebenfalls im KUNO-Archiv: Jan Kuhlbrodt mit einer\u00a0<a href=\"http:\/\/www.editiondaslabor.de\/blog\/2012\/11\/05\/asthetische-prothetik\/\">Ann\u00e4herung<\/a>\u00a0an die visuellen Arbeiten von Angelika Janz. Und nicht zuletzt, Michael Gratz \u00fcber Angelika Janz\u2018<a href=\"http:\/\/www.editiondaslabor.de\/blog\/2012\/11\/05\/freiraum\/\">\u00a0tEXt bILd<\/a><\/p>\n<p style=\"text-align: justify;\">\n","protected":false},"excerpt":{"rendered":"<p>&nbsp; Wenn das Haar ein Hut ist, der herrlichste Hut, den es seit Menschengedenken gibt, weil er jeden Tag ein anderer, ver\u00e4nderbarer ist, dann ist jeder Hut, der nicht aus abbrechbarem, nicht aus ausfallbarem Stoff besteht, ein architektonisches Element, sprich,&hellip;<\/p>\n<p class=\"more-link-p\"><a class=\"more-link\" href=\"http:\/\/www.editiondaslabor.de\/blog\/2023\/10\/21\/oh-haar-mein-hut\/\">Read more &rarr;<\/a><\/p>\n","protected":false},"author":53,"featured_media":97863,"comment_status":"closed","ping_status":"closed","sticky":false,"template":"","format":"standard","meta":{"footnotes":""},"categories":[1],"tags":[918],"class_list":["post-90001","post","type-post","status-publish","format-standard","has-post-thumbnail","hentry","category-literatur","tag-angelika-janz"],"_links":{"self":[{"href":"http:\/\/www.editiondaslabor.de\/blog\/wp-json\/wp\/v2\/posts\/90001","targetHints":{"allow":["GET"]}}],"collection":[{"href":"http:\/\/www.editiondaslabor.de\/blog\/wp-json\/wp\/v2\/posts"}],"about":[{"href":"http:\/\/www.editiondaslabor.de\/blog\/wp-json\/wp\/v2\/types\/post"}],"author":[{"embeddable":true,"href":"http:\/\/www.editiondaslabor.de\/blog\/wp-json\/wp\/v2\/users\/53"}],"replies":[{"embeddable":true,"href":"http:\/\/www.editiondaslabor.de\/blog\/wp-json\/wp\/v2\/comments?post=90001"}],"version-history":[{"count":1,"href":"http:\/\/www.editiondaslabor.de\/blog\/wp-json\/wp\/v2\/posts\/90001\/revisions"}],"predecessor-version":[{"id":100767,"href":"http:\/\/www.editiondaslabor.de\/blog\/wp-json\/wp\/v2\/posts\/90001\/revisions\/100767"}],"wp:featuredmedia":[{"embeddable":true,"href":"http:\/\/www.editiondaslabor.de\/blog\/wp-json\/wp\/v2\/media\/97863"}],"wp:attachment":[{"href":"http:\/\/www.editiondaslabor.de\/blog\/wp-json\/wp\/v2\/media?parent=90001"}],"wp:term":[{"taxonomy":"category","embeddable":true,"href":"http:\/\/www.editiondaslabor.de\/blog\/wp-json\/wp\/v2\/categories?post=90001"},{"taxonomy":"post_tag","embeddable":true,"href":"http:\/\/www.editiondaslabor.de\/blog\/wp-json\/wp\/v2\/tags?post=90001"}],"curies":[{"name":"wp","href":"https:\/\/api.w.org\/{rel}","templated":true}]}}