{"id":89985,"date":"2023-12-02T00:01:51","date_gmt":"2023-12-01T23:01:51","guid":{"rendered":"http:\/\/www.editiondaslabor.de\/blog\/?p=89985"},"modified":"2022-02-26T13:25:57","modified_gmt":"2022-02-26T12:25:57","slug":"wonach-trachtet-das-haar","status":"publish","type":"post","link":"http:\/\/www.editiondaslabor.de\/blog\/2023\/12\/02\/wonach-trachtet-das-haar\/","title":{"rendered":"Wonach trachtet das Haar?"},"content":{"rendered":"<p>&nbsp;<\/p>\n<p style=\"text-align: justify;\">Nicht billig ist immer, was sp\u00e4ter vervielf\u00e4ltigt preiswert zu erwerben ist. Was erworben wird, wei\u00df in der Regel nichts von seiner Billigkeit. Wir aber wissen, da\u00df die Geschmacksknospen aufbl\u00fchen, wenn sie von wie immer markierten Fl\u00fcssigkeiten beregnet werden.<\/p>\n<p style=\"text-align: justify;\">Unsere Frisurenk\u00f6pfe, Erworbenheiten unseres Geschmacks, sind sie Bl\u00fcten, die auf Literatur reagieren? Oder (wie) reagiert diese auf sie?<\/p>\n<p style=\"text-align: justify;\">Bleibt nur, das Verfahren, das Ganze aufzul\u00f6sen. Das Haar in die Frisur zur\u00fcckzuf\u00fchren. Wer erz\u00e4hlt solche Geschichten? Nach der Aufl\u00f6sung des Ganzen kristallisiert sich Einzelnes nicht mehr heraus. Aufl\u00f6sung nach einer Ersch\u00fctterung, Ersch\u00fctterung aufgrund der zehrenden Absichtserwartung einer Katastrophe, und wir finden &#8222;das Ganze&#8220; in einem g\u00e4nzlich fremden, unbedeutenden Detail wieder, das selber immer schon sein Ganzes, etwas, worin es ein Zugeh\u00f6ren begr\u00fcnden kann, gesucht hatte. Identit\u00e4t, sie sucht F\u00fchlung immer nur dort, wo die \u00c4hnlichkeit zum Verlust nach immer d e r Heimat fahndet, in der alles Scheitern eine, weniger die eigene Geschichte weitergetragen hat. Keine Identit\u00e4t, keine Haartracht. Wonach trachtet das Haar? Nach Niedertracht (wie bei dem, dem das Haar so platt gefettet war an den Kopf, da\u00df man es fast nicht mehr sah) ? Oder doch: wieder nach seinem Gespaltensein, der Zwietracht?<\/p>\n<p>&nbsp;<\/p>\n<p>&nbsp;<\/p>\n<p style=\"text-align: center;\">***<\/p>\n<p style=\"text-align: justify;\"><strong>Pro toto Typen<\/strong>, von Angelika Janz, KUNO 2023<\/p>\n<p style=\"text-align: justify;\"><strong><a href=\"http:\/\/www.editiondaslabor.de\/blog\/wp-content\/uploads\/2023\/12\/prototo.jpeg\"><img loading=\"lazy\" decoding=\"async\" class=\"alignleft wp-image-89981 size-medium\" src=\"http:\/\/www.editiondaslabor.de\/blog\/wp-content\/uploads\/2023\/12\/prototo-278x300.jpeg\" alt=\"\" width=\"278\" height=\"300\" srcset=\"http:\/\/www.editiondaslabor.de\/blog\/wp-content\/uploads\/2023\/12\/prototo-278x300.jpeg 278w, http:\/\/www.editiondaslabor.de\/blog\/wp-content\/uploads\/2023\/12\/prototo-950x1024.jpeg 950w, http:\/\/www.editiondaslabor.de\/blog\/wp-content\/uploads\/2023\/12\/prototo-768x828.jpeg 768w, http:\/\/www.editiondaslabor.de\/blog\/wp-content\/uploads\/2023\/12\/prototo-560x604.jpeg 560w, http:\/\/www.editiondaslabor.de\/blog\/wp-content\/uploads\/2023\/12\/prototo-260x280.jpeg 260w, http:\/\/www.editiondaslabor.de\/blog\/wp-content\/uploads\/2023\/12\/prototo-160x173.jpeg 160w, http:\/\/www.editiondaslabor.de\/blog\/wp-content\/uploads\/2023\/12\/prototo.jpeg 960w\" sizes=\"auto, (max-width: 278px) 100vw, 278px\" \/><\/a>Weiterf\u00fchrend\u00a0<\/strong><strong>\u2192<\/strong><strong>\u00a0<\/strong><\/p>\n<p style=\"text-align: justify;\">Lesen Sie auch das\u00a0<a href=\"http:\/\/www.editiondaslabor.de\/blog\/?p=36409\">Kollegengespr\u00e4ch<\/a>, das A.J. Weigoni mit Angelika Janz \u00fcber den Zyklus\u00a0<em>fern, fern<\/em>\u00a0gef\u00fchrt hat. Vertiefend ein\u00a0<a href=\"http:\/\/www.editiondaslabor.de\/blog\/?p=22835\">Portr\u00e4t\u00a0<\/a>\u00fcber ihre interdisziplin\u00e4re T\u00e4tigkeit, sowie einen\u00a0<a href=\"http:\/\/www.editiondaslabor.de\/blog\/?p=29450\">Essay<\/a>\u00a0der\u00a0<em>Fragmenttexterin<\/em>. Ebenfalls im KUNO-Archiv: Jan Kuhlbrodt mit einer\u00a0<a href=\"http:\/\/www.editiondaslabor.de\/blog\/2012\/11\/05\/asthetische-prothetik\/\">Ann\u00e4herung<\/a>\u00a0an die visuellen Arbeiten von Angelika Janz. Und nicht zuletzt, Michael Gratz \u00fcber Angelika Janz\u2018<a href=\"http:\/\/www.editiondaslabor.de\/blog\/2012\/11\/05\/freiraum\/\">\u00a0tEXt bILd<\/a><\/p>\n<p style=\"text-align: justify;\">\n","protected":false},"excerpt":{"rendered":"<p>&nbsp; Nicht billig ist immer, was sp\u00e4ter vervielf\u00e4ltigt preiswert zu erwerben ist. Was erworben wird, wei\u00df in der Regel nichts von seiner Billigkeit. Wir aber wissen, da\u00df die Geschmacksknospen aufbl\u00fchen, wenn sie von wie immer markierten Fl\u00fcssigkeiten beregnet werden. Unsere&hellip;<\/p>\n<p class=\"more-link-p\"><a class=\"more-link\" href=\"http:\/\/www.editiondaslabor.de\/blog\/2023\/12\/02\/wonach-trachtet-das-haar\/\">Read more &rarr;<\/a><\/p>\n","protected":false},"author":53,"featured_media":97863,"comment_status":"closed","ping_status":"closed","sticky":false,"template":"","format":"standard","meta":{"footnotes":""},"categories":[1],"tags":[918],"class_list":["post-89985","post","type-post","status-publish","format-standard","has-post-thumbnail","hentry","category-literatur","tag-angelika-janz"],"_links":{"self":[{"href":"http:\/\/www.editiondaslabor.de\/blog\/wp-json\/wp\/v2\/posts\/89985","targetHints":{"allow":["GET"]}}],"collection":[{"href":"http:\/\/www.editiondaslabor.de\/blog\/wp-json\/wp\/v2\/posts"}],"about":[{"href":"http:\/\/www.editiondaslabor.de\/blog\/wp-json\/wp\/v2\/types\/post"}],"author":[{"embeddable":true,"href":"http:\/\/www.editiondaslabor.de\/blog\/wp-json\/wp\/v2\/users\/53"}],"replies":[{"embeddable":true,"href":"http:\/\/www.editiondaslabor.de\/blog\/wp-json\/wp\/v2\/comments?post=89985"}],"version-history":[{"count":1,"href":"http:\/\/www.editiondaslabor.de\/blog\/wp-json\/wp\/v2\/posts\/89985\/revisions"}],"predecessor-version":[{"id":100832,"href":"http:\/\/www.editiondaslabor.de\/blog\/wp-json\/wp\/v2\/posts\/89985\/revisions\/100832"}],"wp:featuredmedia":[{"embeddable":true,"href":"http:\/\/www.editiondaslabor.de\/blog\/wp-json\/wp\/v2\/media\/97863"}],"wp:attachment":[{"href":"http:\/\/www.editiondaslabor.de\/blog\/wp-json\/wp\/v2\/media?parent=89985"}],"wp:term":[{"taxonomy":"category","embeddable":true,"href":"http:\/\/www.editiondaslabor.de\/blog\/wp-json\/wp\/v2\/categories?post=89985"},{"taxonomy":"post_tag","embeddable":true,"href":"http:\/\/www.editiondaslabor.de\/blog\/wp-json\/wp\/v2\/tags?post=89985"}],"curies":[{"name":"wp","href":"https:\/\/api.w.org\/{rel}","templated":true}]}}