{"id":89866,"date":"2015-01-07T00:01:04","date_gmt":"2015-01-06T23:01:04","guid":{"rendered":"http:\/\/www.editiondaslabor.de\/blog\/?p=89866"},"modified":"2021-08-14T09:07:12","modified_gmt":"2021-08-14T07:07:12","slug":"antwort-3","status":"publish","type":"post","link":"http:\/\/www.editiondaslabor.de\/blog\/2015\/01\/07\/antwort-3\/","title":{"rendered":"ANTWORT"},"content":{"rendered":"<div class=\"post-content\">\r\n<p>&nbsp;<\/p>\r\n<p>der Sinn<\/p>\r\n<p>muss das Leben selbst sein<\/p>\r\n<p>&nbsp;<\/p>\r\n<p>den Atem sp\u00fcren<\/p>\r\n<p>auf offener Hand<\/p>\r\n<p>&nbsp;<\/p>\r\n<p>topologisch fast<\/p>\r\n<p>unbegrenzte M\u00f6glichkeiten<\/p>\r\n<p>auf engem Raum<\/p>\r\n<p>&nbsp;<\/p>\r\n<p>Anlauf nehmen<\/p>\r\n<p>egal wohin<\/p>\r\n<\/div>\r\n<p style=\"text-align: justify;\">\u00a0<\/p>\r\n<p style=\"text-align: justify;\">\u00a0<\/p>\r\n<p>&nbsp;<\/p>\r\n<p>&nbsp;<\/p>\r\n<p><!-- \/wp:post-content -->\r\n\r\n<!-- wp:paragraph {\"align\":\"center\"} --><\/p>\r\n<p class=\"has-text-align-center\" style=\"text-align: center;\">***<\/p>\r\n<p><!-- \/wp:paragraph -->\r\n\r\n<!-- wp:paragraph --><\/p>\r\n<p style=\"text-align: justify;\"><strong>Gedichte 3.0, <\/strong>von Martin Dragosits, Arovell Verlag, 2013<\/p>\r\n<p style=\"text-align: justify;\"><a href=\"http:\/\/www.editiondaslabor.de\/blog\/wp-content\/uploads\/2015\/01\/Gedichte3_0.jpg\"><img loading=\"lazy\" decoding=\"async\" class=\"alignleft wp-image-90584 size-medium\" src=\"http:\/\/www.editiondaslabor.de\/blog\/wp-content\/uploads\/2015\/01\/Gedichte3_0-207x300.jpg\" alt=\"\" width=\"207\" height=\"300\" srcset=\"http:\/\/www.editiondaslabor.de\/blog\/wp-content\/uploads\/2015\/01\/Gedichte3_0-207x300.jpg 207w, http:\/\/www.editiondaslabor.de\/blog\/wp-content\/uploads\/2015\/01\/Gedichte3_0-260x376.jpg 260w, http:\/\/www.editiondaslabor.de\/blog\/wp-content\/uploads\/2015\/01\/Gedichte3_0-160x231.jpg 160w, http:\/\/www.editiondaslabor.de\/blog\/wp-content\/uploads\/2015\/01\/Gedichte3_0.jpg 345w\" sizes=\"auto, (max-width: 207px) 100vw, 207px\" \/><\/a>Gekr\u00fcmmte R\u00e4ume und ersch\u00f6pfte Zust\u00e4nde, naturwissenschaftliche Betrachtungsweisen, F\u00fcrbitten, Selbstbeobachtungen und Zeitungsnotizen. Sie bilden die Basis f\u00fcr 130 Gedichte, die nach den ersten beiden Gedichtb\u00e4nden des Autors neuen Spuren mit verlagerten Schwerpunkten folgen.<\/p>\r\n<p style=\"text-align: justify;\"><strong>Weiterf\u00fchrend<\/strong> \u2192 Poesie ist das identit\u00e4tsstiftende Element der Kultur, KUNOs <a href=\"http:\/\/www.editiondaslabor.de\/blog\/?p=25630\" target=\"_blank\" rel=\"noreferrer noopener\">poetologische Positionsbestimmung<\/a>.<\/p>\r\n<p><!-- \/wp:paragraph -->\r\n\r\n<!-- wp:image {\"align\":\"left\",\"id\":57257} --><\/p>\r\n<div class=\"wp-block-image\">\u00a0<\/div>\r\n<p><!-- \/wp:image -->\r\n\r\n<!-- wp:paragraph --><\/p>\r\n<p style=\"text-align: justify;\"><!-- \/wp:paragraph -->\r\n\r\n<!-- wp:paragraph --><\/p>","protected":false},"excerpt":{"rendered":"<p>&nbsp; der Sinn muss das Leben selbst sein &nbsp; den Atem sp\u00fcren auf offener Hand &nbsp; topologisch fast unbegrenzte M\u00f6glichkeiten auf engem Raum &nbsp; Anlauf nehmen egal wohin \u00a0 \u00a0 &nbsp; &nbsp; *** Gedichte 3.0, von Martin Dragosits, Arovell Verlag,&hellip;<\/p>\n<p class=\"more-link-p\"><a class=\"more-link\" href=\"http:\/\/www.editiondaslabor.de\/blog\/2015\/01\/07\/antwort-3\/\">Read more &rarr;<\/a><\/p>\n","protected":false},"author":189,"featured_media":90584,"comment_status":"closed","ping_status":"closed","sticky":false,"template":"","format":"standard","meta":{"footnotes":""},"categories":[1],"tags":[2359],"class_list":["post-89866","post","type-post","status-publish","format-standard","has-post-thumbnail","hentry","category-literatur","tag-martin-dragosits"],"_links":{"self":[{"href":"http:\/\/www.editiondaslabor.de\/blog\/wp-json\/wp\/v2\/posts\/89866","targetHints":{"allow":["GET"]}}],"collection":[{"href":"http:\/\/www.editiondaslabor.de\/blog\/wp-json\/wp\/v2\/posts"}],"about":[{"href":"http:\/\/www.editiondaslabor.de\/blog\/wp-json\/wp\/v2\/types\/post"}],"author":[{"embeddable":true,"href":"http:\/\/www.editiondaslabor.de\/blog\/wp-json\/wp\/v2\/users\/189"}],"replies":[{"embeddable":true,"href":"http:\/\/www.editiondaslabor.de\/blog\/wp-json\/wp\/v2\/comments?post=89866"}],"version-history":[{"count":0,"href":"http:\/\/www.editiondaslabor.de\/blog\/wp-json\/wp\/v2\/posts\/89866\/revisions"}],"wp:featuredmedia":[{"embeddable":true,"href":"http:\/\/www.editiondaslabor.de\/blog\/wp-json\/"}],"wp:attachment":[{"href":"http:\/\/www.editiondaslabor.de\/blog\/wp-json\/wp\/v2\/media?parent=89866"}],"wp:term":[{"taxonomy":"category","embeddable":true,"href":"http:\/\/www.editiondaslabor.de\/blog\/wp-json\/wp\/v2\/categories?post=89866"},{"taxonomy":"post_tag","embeddable":true,"href":"http:\/\/www.editiondaslabor.de\/blog\/wp-json\/wp\/v2\/tags?post=89866"}],"curies":[{"name":"wp","href":"https:\/\/api.w.org\/{rel}","templated":true}]}}