{"id":89856,"date":"1989-02-20T00:01:46","date_gmt":"1989-02-19T23:01:46","guid":{"rendered":"http:\/\/www.editiondaslabor.de\/blog\/?p=89856"},"modified":"2022-02-24T14:43:44","modified_gmt":"2022-02-24T13:43:44","slug":"legalite","status":"publish","type":"post","link":"http:\/\/www.editiondaslabor.de\/blog\/1989\/02\/20\/legalite\/","title":{"rendered":"L\u2019\u00c9GALIT\u00c9 (AUFRUF AN ALLE BUCHH\u00c4NDLER)"},"content":{"rendered":"<p>&nbsp;<\/p>\r\n<p>Dieses Gedicht<\/p>\r\n<p>ist ein ernst gemeintes<\/p>\r\n<p>Protestgedicht<\/p>\r\n<p>mit dem Inhalt<\/p>\r\n<p>dass Lyrik<\/p>\r\n<p>in Ghettos gesteckt<\/p>\r\n<p>verdr\u00e4ngt und ignoriert<\/p>\r\n<p>in Buchhandlungen<\/p>\r\n<p>wenn \u00fcberhaupt<\/p>\r\n<p>isoliert<\/p>\r\n<p>aufbewahrt wird<\/p>\r\n<p>&nbsp;<\/p>\r\n<p>Das Gedicht fordert<\/p>\r\n<p>Gleichberechtigung<\/p>\r\n<p>Durchmischung<\/p>\r\n<p>multikulturelle Identit\u00e4t<\/p>\r\n<p>dass Lyrikb\u00e4nde<\/p>\r\n<p>in einer Reihe stehen<\/p>\r\n<p>mit Prosa<\/p>\r\n<p>und anderen Werken<\/p>\r\n<p>gemeinsam<\/p>\r\n<p>in einem Regal<\/p>\r\n<p>alphabetisch sortiert<\/p>\r\n<p>&nbsp;<\/p>\r\n<p>&nbsp;<\/p>\r\n<p>&nbsp;<\/p>\r\n<div id=\"attachment_57270\" style=\"width: 310px\" class=\"wp-caption alignleft\"><a href=\"http:\/\/www.editiondaslabor.de\/blog\/wp-content\/uploads\/2019\/08\/Martin_Dragosits.jpg\"><img loading=\"lazy\" decoding=\"async\" aria-describedby=\"caption-attachment-57270\" class=\"wp-image-57270 size-medium\" src=\"http:\/\/www.editiondaslabor.de\/blog\/wp-content\/uploads\/2019\/08\/Martin_Dragosits-300x204.jpg\" alt=\"\" width=\"300\" height=\"204\" srcset=\"http:\/\/www.editiondaslabor.de\/blog\/wp-content\/uploads\/2019\/08\/Martin_Dragosits-300x204.jpg 300w, http:\/\/www.editiondaslabor.de\/blog\/wp-content\/uploads\/2019\/08\/Martin_Dragosits-560x381.jpg 560w, http:\/\/www.editiondaslabor.de\/blog\/wp-content\/uploads\/2019\/08\/Martin_Dragosits-260x177.jpg 260w, http:\/\/www.editiondaslabor.de\/blog\/wp-content\/uploads\/2019\/08\/Martin_Dragosits-160x109.jpg 160w, http:\/\/www.editiondaslabor.de\/blog\/wp-content\/uploads\/2019\/08\/Martin_Dragosits.jpg 756w\" sizes=\"auto, (max-width: 300px) 100vw, 300px\" \/><\/a><p id=\"caption-attachment-57270\" class=\"wp-caption-text\">Das Recht f\u00fcr dieses Photo liegt bei: Klaus Ebner<\/p><\/div>\r\n<p style=\"text-align: justify;\"><strong>Weiterf\u00fchrend<\/strong> \u2192<\/p>\r\n<p style=\"text-align: justify;\"><!-- \/wp:post-content -->\r\n\r\n<!-- wp:paragraph --><\/p>\r\n<p style=\"text-align: justify;\">Um den Widerstand gegen die gepolsterte Gegenwartslyrik ein wenig anzufachen schickte Wolfgang Schlott KUNO dieses\u00a0 post-dadaistische <a href=\"http:\/\/www.editiondaslabor.de\/blog\/2016\/02\/03\/handwerkliche-anleitungen-zur-ueberwindung-von-schreibblockaden\/\">Manifest<\/a>. Eine W\u00fcrdigung\u00a0des Herausgebers und Lyrikers Axel Kutsch im Kreise von Autoren aus Metropole und Hinterland finden Sie <a href=\"http:\/\/www.editiondaslabor.de\/blog\/?p=12833\">hier<\/a>. Poesie ist das identit\u00e4tsstiftende Element der Kultur, KUNOs <a href=\"http:\/\/www.editiondaslabor.de\/blog\/?p=25630\" target=\"_blank\" rel=\"noreferrer noopener\">poetologische Positionsbestimmung<\/a>.<\/p>","protected":false},"excerpt":{"rendered":"<p>&nbsp; Dieses Gedicht ist ein ernst gemeintes Protestgedicht mit dem Inhalt dass Lyrik in Ghettos gesteckt verdr\u00e4ngt und ignoriert in Buchhandlungen wenn \u00fcberhaupt isoliert aufbewahrt wird &nbsp; Das Gedicht fordert Gleichberechtigung Durchmischung multikulturelle Identit\u00e4t dass Lyrikb\u00e4nde in einer Reihe stehen&hellip;<\/p>\n<p class=\"more-link-p\"><a class=\"more-link\" href=\"http:\/\/www.editiondaslabor.de\/blog\/1989\/02\/20\/legalite\/\">Read more &rarr;<\/a><\/p>\n","protected":false},"author":189,"featured_media":100210,"comment_status":"closed","ping_status":"closed","sticky":false,"template":"","format":"standard","meta":{"footnotes":""},"categories":[1],"tags":[2359],"class_list":["post-89856","post","type-post","status-publish","format-standard","has-post-thumbnail","hentry","category-literatur","tag-martin-dragosits"],"_links":{"self":[{"href":"http:\/\/www.editiondaslabor.de\/blog\/wp-json\/wp\/v2\/posts\/89856","targetHints":{"allow":["GET"]}}],"collection":[{"href":"http:\/\/www.editiondaslabor.de\/blog\/wp-json\/wp\/v2\/posts"}],"about":[{"href":"http:\/\/www.editiondaslabor.de\/blog\/wp-json\/wp\/v2\/types\/post"}],"author":[{"embeddable":true,"href":"http:\/\/www.editiondaslabor.de\/blog\/wp-json\/wp\/v2\/users\/189"}],"replies":[{"embeddable":true,"href":"http:\/\/www.editiondaslabor.de\/blog\/wp-json\/wp\/v2\/comments?post=89856"}],"version-history":[{"count":1,"href":"http:\/\/www.editiondaslabor.de\/blog\/wp-json\/wp\/v2\/posts\/89856\/revisions"}],"predecessor-version":[{"id":100213,"href":"http:\/\/www.editiondaslabor.de\/blog\/wp-json\/wp\/v2\/posts\/89856\/revisions\/100213"}],"wp:featuredmedia":[{"embeddable":true,"href":"http:\/\/www.editiondaslabor.de\/blog\/wp-json\/wp\/v2\/media\/100210"}],"wp:attachment":[{"href":"http:\/\/www.editiondaslabor.de\/blog\/wp-json\/wp\/v2\/media?parent=89856"}],"wp:term":[{"taxonomy":"category","embeddable":true,"href":"http:\/\/www.editiondaslabor.de\/blog\/wp-json\/wp\/v2\/categories?post=89856"},{"taxonomy":"post_tag","embeddable":true,"href":"http:\/\/www.editiondaslabor.de\/blog\/wp-json\/wp\/v2\/tags?post=89856"}],"curies":[{"name":"wp","href":"https:\/\/api.w.org\/{rel}","templated":true}]}}