{"id":89677,"date":"2008-05-17T00:01:30","date_gmt":"2008-05-16T22:01:30","guid":{"rendered":"http:\/\/www.editiondaslabor.de\/blog\/?p=89677"},"modified":"2024-05-01T13:41:54","modified_gmt":"2024-05-01T11:41:54","slug":"die-anmutige-kurve-eines-marschflugkoerpers","status":"publish","type":"post","link":"http:\/\/www.editiondaslabor.de\/blog\/2008\/05\/17\/die-anmutige-kurve-eines-marschflugkoerpers\/","title":{"rendered":"Die anmutige Kurve eines Marschflugk\u00f6rpers"},"content":{"rendered":"<p>&nbsp;<\/p>\r\n<p style=\"text-align: justify;\">Fr\u00fcher war die Beschaffung von Musik ein haptisches Erlebnis. Schallplatten, auf denen das Cover wirken konnte. Mit einem Titel, den man nicht verga\u00df. So wie Charles Bukowskis \u201eGedichte, die einer schrieb, bevor er im 8. Stockwerk aus dem Fenster sprang\u201c. Und auch heutzutage, zwischen e-books und mp3-files, kann etwas \u00c4hnliches passieren. Die anmutige Kurve eines Marschflugk\u00f6rpers, eine Sammlung von Gedichten David Lerners, die erstmals deutschsprachig \u00fcbersetzt vorliegen.<\/p>\r\n<p style=\"text-align: justify;\"><em>die kaputten leben mit ihrer panik wie \/ andere mit ihrem morgenhusten \/\/ die kaputten haben tolle geschichten \/ alle davon wahr, gerade die l\u00fcgen \/\/ die kaputten sind spannend wie verkehrsunf\u00e4lle \/ die kaputten legen in der h\u00f6lle einen wahnsinstango hin.<\/em><\/p>\r\n<p style=\"text-align: justify;\">David Lerner, amerikanischer Lyriker, geboren 1951, gestorben 1997 an einer \u00dcberdosis Heroin, lebte f\u00fcr die Poesie. Er gab seine Journalistenkarriere auf, geh\u00f6rte in San Francisco zu einer Gruppe von Spoken-Word-Dichtern, ver\u00f6ffentlichte zu Lebzeiten drei Gedichtb\u00e4nde und hinterlie\u00df tausende beschriebene Seiten unpublizierten Materials<em>. <\/em><\/p>\r\n<p style=\"text-align: justify;\"><em>ich will nichts anderes tun \/ als lyrik ber\u00fchmt zu machen \/\/ ich will nichts anderes tun als \/ der sonne mein monogramm einzubrennen.<\/em><\/p>\r\n<p style=\"text-align: justify;\">Es sind w\u00fctende Gedichte, Rocksongs, der ganz spezielle amerikanische Alptraum, der ihm Ende der Achtziger, anfangs der Neunziger begegnet<em>.<\/em><\/p>\r\n<p style=\"text-align: justify;\"><em>ich lebe in der 3. welt \/ ich lebe relativ am rand der 3. welt \/ ich lebe in der 3. welt in \/ Berkeley, Kalifornien, USA, \/ 1991.<\/em><\/p>\r\n<p style=\"text-align: justify;\">Die Texte haben einen eigenen, unverkennbaren Sound, hypnotische Zeilen, rhythmisch geh\u00e4mmert.<\/p>\r\n<p style=\"text-align: justify;\"><em>ich war so traurig, dass ich aufh\u00f6rte zu tr\u00e4umen \/\/ ich war so traurig \/ dass ich die treppen hinunterstolperte \/ und an jeder unebenheit funken schlug \/\/ ich war so traurig \/ dass es auf dieser wilden erde nichts gab, was mich \/\/ schlafen lassen konnte.<\/em><\/p>\r\n<p style=\"text-align: justify;\">Er packt die Welt in seine Texte und sich selbst dazu, <em>so wie man Diamanten macht, unter Druck gesetzt, wie gemacht, um Schatten zu schneiden. <\/em> Er s\u00e4gt sich durch Fernsehbilder und Stra\u00dfenszenen, Nachrichtenfetzen, clipartige Momentaufnahmen, denen er seine Lyrik entgegen wirft, kurze Strophen, welche nie den Boden verlieren, Schicht f\u00fcr Schicht aneinander gef\u00fcgt. Die Texte sind frisch, wie eben erst entstanden, eine Zeitreise in die Gegenwart. Die \u00dcbersetzung, von Ron Winkler, Leonce-und-Lena-Preistr\u00e4ger, wird zweisprachig pr\u00e4sentiert, was den Vergleich von Original und erfolgter Nachdichtung m\u00f6glich macht. Im Verlag des Poetenladen, einer der zentralen Plattformen f\u00fcr Lyrik, ist die Zusammenstellung 2008 publiziert worden, was den Herausgebern, die damit zum ersten Mal im deutschsprachigen Raum auf David Lerner aufmerksam machen, hoch anzurechnen ist. Denn <em>poesie schert sich nicht um ruhm \/ ruhm ist nett, aber f\u00fcr die poesie ist er der \/ nachtisch.<\/em> Ein Dessert, das sich in diesem Fall lohnt.<\/p>\r\n<p>&nbsp;<\/p>\r\n<p>&nbsp;<\/p>\r\n<p style=\"text-align: center;\">***<\/p>\r\n<p style=\"text-align: justify;\"><strong>Die anmutige Kurve eines Marschflugk\u00f6rpers, <\/strong>Gedichte (deutsch\/englisch) von David Lerner. \u00dcbersetzt von Ron Winkler poetenladen, Leipzig 2008<\/p>\r\n<p style=\"text-align: justify;\"><strong><a href=\"http:\/\/www.editiondaslabor.de\/blog\/wp-content\/uploads\/2008\/07\/lerner-cover.jpg\"><img loading=\"lazy\" decoding=\"async\" class=\"alignleft wp-image-89680 size-medium\" src=\"http:\/\/www.editiondaslabor.de\/blog\/wp-content\/uploads\/2008\/07\/lerner-cover-197x300.jpg\" alt=\"\" width=\"197\" height=\"300\" srcset=\"http:\/\/www.editiondaslabor.de\/blog\/wp-content\/uploads\/2008\/07\/lerner-cover-197x300.jpg 197w, http:\/\/www.editiondaslabor.de\/blog\/wp-content\/uploads\/2008\/07\/lerner-cover-260x395.jpg 260w, http:\/\/www.editiondaslabor.de\/blog\/wp-content\/uploads\/2008\/07\/lerner-cover-160x243.jpg 160w, http:\/\/www.editiondaslabor.de\/blog\/wp-content\/uploads\/2008\/07\/lerner-cover.jpg 423w\" sizes=\"auto, (max-width: 197px) 100vw, 197px\" \/><\/a>Weiterf\u00fchrend \u2192<\/strong><\/p>\r\n<!-- \/wp:post-content -->\r\n\r\n<!-- wp:paragraph -->\r\n<p style=\"text-align: justify;\">Poesie ist das identit\u00e4tsstiftende Element der Kultur, KUNOs <a href=\"http:\/\/www.editiondaslabor.de\/blog\/?p=25630\">poetologische Positionsbestimmung<\/a>.<\/p>","protected":false},"excerpt":{"rendered":"<p>&nbsp; Fr\u00fcher war die Beschaffung von Musik ein haptisches Erlebnis. Schallplatten, auf denen das Cover wirken konnte. Mit einem Titel, den man nicht verga\u00df. So wie Charles Bukowskis \u201eGedichte, die einer schrieb, bevor er im 8. Stockwerk aus dem Fenster&hellip;<\/p>\n<p class=\"more-link-p\"><a class=\"more-link\" href=\"http:\/\/www.editiondaslabor.de\/blog\/2008\/05\/17\/die-anmutige-kurve-eines-marschflugkoerpers\/\">Read more &rarr;<\/a><\/p>\n","protected":false},"author":189,"featured_media":101441,"comment_status":"closed","ping_status":"closed","sticky":false,"template":"","format":"standard","meta":{"footnotes":""},"categories":[1],"tags":[3096,2359],"class_list":["post-89677","post","type-post","status-publish","format-standard","has-post-thumbnail","hentry","category-literatur","tag-david-lerner","tag-martin-dragosits"],"_links":{"self":[{"href":"http:\/\/www.editiondaslabor.de\/blog\/wp-json\/wp\/v2\/posts\/89677","targetHints":{"allow":["GET"]}}],"collection":[{"href":"http:\/\/www.editiondaslabor.de\/blog\/wp-json\/wp\/v2\/posts"}],"about":[{"href":"http:\/\/www.editiondaslabor.de\/blog\/wp-json\/wp\/v2\/types\/post"}],"author":[{"embeddable":true,"href":"http:\/\/www.editiondaslabor.de\/blog\/wp-json\/wp\/v2\/users\/189"}],"replies":[{"embeddable":true,"href":"http:\/\/www.editiondaslabor.de\/blog\/wp-json\/wp\/v2\/comments?post=89677"}],"version-history":[{"count":1,"href":"http:\/\/www.editiondaslabor.de\/blog\/wp-json\/wp\/v2\/posts\/89677\/revisions"}],"predecessor-version":[{"id":105483,"href":"http:\/\/www.editiondaslabor.de\/blog\/wp-json\/wp\/v2\/posts\/89677\/revisions\/105483"}],"wp:featuredmedia":[{"embeddable":true,"href":"http:\/\/www.editiondaslabor.de\/blog\/wp-json\/wp\/v2\/media\/101441"}],"wp:attachment":[{"href":"http:\/\/www.editiondaslabor.de\/blog\/wp-json\/wp\/v2\/media?parent=89677"}],"wp:term":[{"taxonomy":"category","embeddable":true,"href":"http:\/\/www.editiondaslabor.de\/blog\/wp-json\/wp\/v2\/categories?post=89677"},{"taxonomy":"post_tag","embeddable":true,"href":"http:\/\/www.editiondaslabor.de\/blog\/wp-json\/wp\/v2\/tags?post=89677"}],"curies":[{"name":"wp","href":"https:\/\/api.w.org\/{rel}","templated":true}]}}