{"id":89664,"date":"1995-06-19T00:01:36","date_gmt":"1995-06-18T22:01:36","guid":{"rendered":"http:\/\/www.editiondaslabor.de\/blog\/?p=89664"},"modified":"2022-02-23T11:13:40","modified_gmt":"2022-02-23T10:13:40","slug":"die-innere-behoerde","status":"publish","type":"post","link":"http:\/\/www.editiondaslabor.de\/blog\/1995\/06\/19\/die-innere-behoerde\/","title":{"rendered":"Die innere Beh\u00f6rde"},"content":{"rendered":"<p>&nbsp;<\/p>\n<div>\n<p>Das Sprechen ist ein Tier<br \/>\nund das Ofenrohr der Bote<br \/>\nGestern ass ich die Kr\u00fcmel<br \/>\nvom Tisch und morgen<br \/>\nfange ich mit den Stuhlbeinen<br \/>\nan.<\/p>\n<p>Als die Tage noch 24 Stunden<br \/>\nbargen, schliefen die dicken<br \/>\nK\u00e4fer in den Kacheln.<br \/>\nHeute sprengt die Sonne<br \/>\ndie Panzer, l\u00e4sst Luft an die<br \/>\nHaut.<\/p>\n<p>Schwach ist das Licht, sehnig<br \/>\nder Bogen \u00fcber den Augen. Innen<br \/>\nweht eine Fahne, Zeichen aus<br \/>\nZeiten in denen das Wichtigste<br \/>\nnicht geschah. Ein Tausendf\u00fcssler<br \/>\nerinnert sich.<\/p>\n<p>Hoch oben auf der Strasse die<br \/>\nden roten Staub aufwirbelt zieht<br \/>\neine Karawane. Esel sind stoisch.<br \/>\nDie Tage werden k\u00fcrzer. Der Panzer<br \/>\nstrickt sich ein neues Kleid. Aussen<br \/>\nnichts.<\/p>\n<\/div>\n<p>&nbsp;<\/p>\n<p>&nbsp;<\/p>\n<p>&nbsp;<\/p>\n<p style=\"text-align: justify;\"><strong><a href=\"http:\/\/www.editiondaslabor.de\/blog\/wp-content\/uploads\/2015\/06\/JuliettaFix.jpg\"><img loading=\"lazy\" decoding=\"async\" class=\"size-medium wp-image-83875 alignleft\" src=\"http:\/\/www.editiondaslabor.de\/blog\/wp-content\/uploads\/2015\/06\/JuliettaFix-190x300.jpg\" alt=\"\" width=\"190\" height=\"300\" srcset=\"http:\/\/www.editiondaslabor.de\/blog\/wp-content\/uploads\/2015\/06\/JuliettaFix-190x300.jpg 190w, http:\/\/www.editiondaslabor.de\/blog\/wp-content\/uploads\/2015\/06\/JuliettaFix-260x411.jpg 260w, http:\/\/www.editiondaslabor.de\/blog\/wp-content\/uploads\/2015\/06\/JuliettaFix-160x253.jpg 160w, http:\/\/www.editiondaslabor.de\/blog\/wp-content\/uploads\/2015\/06\/JuliettaFix.jpg 316w\" sizes=\"auto, (max-width: 190px) 100vw, 190px\" \/><\/a>Weiterf\u00fchrend \u2192<\/strong>\u00a0Poesie z\u00e4hlt f\u00fcr KUNO weiterhin zu den identit\u00e4ts- und identifikationstiftenden Elementen einer Kultur, dies bezeugte auch der Versuch einer <a href=\"http:\/\/www.editiondaslabor.de\/blog\/?p=25630\">poetologischen Positionsbestimmung<\/a>.<\/p>\n","protected":false},"excerpt":{"rendered":"<p>&nbsp; Das Sprechen ist ein Tier und das Ofenrohr der Bote Gestern ass ich die Kr\u00fcmel vom Tisch und morgen fange ich mit den Stuhlbeinen an. Als die Tage noch 24 Stunden bargen, schliefen die dicken K\u00e4fer in den Kacheln.&hellip;<\/p>\n<p class=\"more-link-p\"><a class=\"more-link\" href=\"http:\/\/www.editiondaslabor.de\/blog\/1995\/06\/19\/die-innere-behoerde\/\">Read more &rarr;<\/a><\/p>\n","protected":false},"author":66,"featured_media":99798,"comment_status":"closed","ping_status":"closed","sticky":false,"template":"","format":"standard","meta":{"footnotes":""},"categories":[1],"tags":[328],"class_list":["post-89664","post","type-post","status-publish","format-standard","has-post-thumbnail","hentry","category-literatur","tag-julietta-fix"],"_links":{"self":[{"href":"http:\/\/www.editiondaslabor.de\/blog\/wp-json\/wp\/v2\/posts\/89664","targetHints":{"allow":["GET"]}}],"collection":[{"href":"http:\/\/www.editiondaslabor.de\/blog\/wp-json\/wp\/v2\/posts"}],"about":[{"href":"http:\/\/www.editiondaslabor.de\/blog\/wp-json\/wp\/v2\/types\/post"}],"author":[{"embeddable":true,"href":"http:\/\/www.editiondaslabor.de\/blog\/wp-json\/wp\/v2\/users\/66"}],"replies":[{"embeddable":true,"href":"http:\/\/www.editiondaslabor.de\/blog\/wp-json\/wp\/v2\/comments?post=89664"}],"version-history":[{"count":1,"href":"http:\/\/www.editiondaslabor.de\/blog\/wp-json\/wp\/v2\/posts\/89664\/revisions"}],"predecessor-version":[{"id":99801,"href":"http:\/\/www.editiondaslabor.de\/blog\/wp-json\/wp\/v2\/posts\/89664\/revisions\/99801"}],"wp:featuredmedia":[{"embeddable":true,"href":"http:\/\/www.editiondaslabor.de\/blog\/wp-json\/wp\/v2\/media\/99798"}],"wp:attachment":[{"href":"http:\/\/www.editiondaslabor.de\/blog\/wp-json\/wp\/v2\/media?parent=89664"}],"wp:term":[{"taxonomy":"category","embeddable":true,"href":"http:\/\/www.editiondaslabor.de\/blog\/wp-json\/wp\/v2\/categories?post=89664"},{"taxonomy":"post_tag","embeddable":true,"href":"http:\/\/www.editiondaslabor.de\/blog\/wp-json\/wp\/v2\/tags?post=89664"}],"curies":[{"name":"wp","href":"https:\/\/api.w.org\/{rel}","templated":true}]}}