{"id":89650,"date":"2005-02-17T00:01:06","date_gmt":"2005-02-16T23:01:06","guid":{"rendered":"http:\/\/www.editiondaslabor.de\/blog\/?p=89650"},"modified":"2022-02-17T14:08:10","modified_gmt":"2022-02-17T13:08:10","slug":"zu-fragmentarisch","status":"publish","type":"post","link":"http:\/\/www.editiondaslabor.de\/blog\/2005\/02\/17\/zu-fragmentarisch\/","title":{"rendered":"Zu fragmentarisch"},"content":{"rendered":"<p>&nbsp;<\/p>\n<div class=\"gedicht\">\n<p>Zu fragmentarisch ist Welt und Leben!<\/p>\n<p>Ich will mich zum deutschen Professor begeben,<\/p>\n<p>Der wei\u00df das Leben zusammenzusetzen,<\/p>\n<p>Und er macht ein verst\u00e4ndlich System daraus;<\/p>\n<p>Mit seinen Nachtm\u00fctzen und Schlafrockfetzen<\/p>\n<p>Stopft er die L\u00fccken des Weltenbaus.<\/p>\n<\/div>\n<p>&nbsp;<\/p>\n<p>&nbsp;<\/p>\n<p style=\"text-align: center;\">***<\/p>\n<p><a href=\"http:\/\/www.editiondaslabor.de\/blog\/wp-content\/uploads\/2009\/02\/Heinrich_Heine_1837-scaled-e1610465735884.jpg\"><img loading=\"lazy\" decoding=\"async\" class=\"size-medium wp-image-75865 alignleft\" src=\"http:\/\/www.editiondaslabor.de\/blog\/wp-content\/uploads\/2009\/02\/Heinrich_Heine_1837-211x300.jpg\" alt=\"\" width=\"211\" height=\"300\" \/><\/a><\/p>\n<p style=\"text-align: justify;\"><strong>Weiterf\u00fchrend \u2192<\/strong>\u00a0Poesie z\u00e4hlt f\u00fcr KUNO weiterhin zu den identit\u00e4ts- und identifikationstiftenden Elementen einer Kultur, dies bezeugte auch der Versuch einer <a href=\"http:\/\/www.editiondaslabor.de\/blog\/?p=25630\">poetologischen Positionsbestimmung<\/a>.<\/p>\n","protected":false},"excerpt":{"rendered":"<p>&nbsp; Zu fragmentarisch ist Welt und Leben! Ich will mich zum deutschen Professor begeben, Der wei\u00df das Leben zusammenzusetzen, Und er macht ein verst\u00e4ndlich System daraus; Mit seinen Nachtm\u00fctzen und Schlafrockfetzen Stopft er die L\u00fccken des Weltenbaus. &nbsp; &nbsp; ***&hellip;<\/p>\n<p class=\"more-link-p\"><a class=\"more-link\" href=\"http:\/\/www.editiondaslabor.de\/blog\/2005\/02\/17\/zu-fragmentarisch\/\">Read more &rarr;<\/a><\/p>\n","protected":false},"author":94,"featured_media":97877,"comment_status":"closed","ping_status":"closed","sticky":false,"template":"","format":"standard","meta":{"footnotes":""},"categories":[1],"tags":[853],"class_list":["post-89650","post","type-post","status-publish","format-standard","has-post-thumbnail","hentry","category-literatur","tag-heinrich-heine"],"_links":{"self":[{"href":"http:\/\/www.editiondaslabor.de\/blog\/wp-json\/wp\/v2\/posts\/89650","targetHints":{"allow":["GET"]}}],"collection":[{"href":"http:\/\/www.editiondaslabor.de\/blog\/wp-json\/wp\/v2\/posts"}],"about":[{"href":"http:\/\/www.editiondaslabor.de\/blog\/wp-json\/wp\/v2\/types\/post"}],"author":[{"embeddable":true,"href":"http:\/\/www.editiondaslabor.de\/blog\/wp-json\/wp\/v2\/users\/94"}],"replies":[{"embeddable":true,"href":"http:\/\/www.editiondaslabor.de\/blog\/wp-json\/wp\/v2\/comments?post=89650"}],"version-history":[{"count":1,"href":"http:\/\/www.editiondaslabor.de\/blog\/wp-json\/wp\/v2\/posts\/89650\/revisions"}],"predecessor-version":[{"id":97892,"href":"http:\/\/www.editiondaslabor.de\/blog\/wp-json\/wp\/v2\/posts\/89650\/revisions\/97892"}],"wp:featuredmedia":[{"embeddable":true,"href":"http:\/\/www.editiondaslabor.de\/blog\/wp-json\/wp\/v2\/media\/97877"}],"wp:attachment":[{"href":"http:\/\/www.editiondaslabor.de\/blog\/wp-json\/wp\/v2\/media?parent=89650"}],"wp:term":[{"taxonomy":"category","embeddable":true,"href":"http:\/\/www.editiondaslabor.de\/blog\/wp-json\/wp\/v2\/categories?post=89650"},{"taxonomy":"post_tag","embeddable":true,"href":"http:\/\/www.editiondaslabor.de\/blog\/wp-json\/wp\/v2\/tags?post=89650"}],"curies":[{"name":"wp","href":"https:\/\/api.w.org\/{rel}","templated":true}]}}