{"id":89622,"date":"2005-01-28T00:01:36","date_gmt":"2005-01-27T23:01:36","guid":{"rendered":"http:\/\/www.editiondaslabor.de\/blog\/?p=89622"},"modified":"2022-02-18T10:56:14","modified_gmt":"2022-02-18T09:56:14","slug":"letztes-lied","status":"publish","type":"post","link":"http:\/\/www.editiondaslabor.de\/blog\/2005\/01\/28\/letztes-lied\/","title":{"rendered":"Letztes Lied"},"content":{"rendered":"<p>&nbsp;<\/p>\n<p>Liebte dich, liebte dich<\/p>\n<p>Innig und treu;<\/p>\n<p>R\u00f6slein im Tod verblich;<\/p>\n<p>Hin ist der Mai.<\/p>\n<p>Hin ist Hin!<\/p>\n<p>Tot ist tot!<\/p>\n<p>&nbsp;<\/p>\n<p>Lebe wohl, lebe wohl!<\/p>\n<p>Mein M\u00e4dchen mild.<\/p>\n<p>In meinem Busen soll<\/p>\n<p>Nie vergl\u00fchn dein Bild.<\/p>\n<p>Hin ist Hin!<\/p>\n<p>Tot ist tot!<\/p>\n<p>&nbsp;<\/p>\n<p>Schlummre still, schlummre still,<\/p>\n<p>Ewig hinf\u00fcr.<\/p>\n<p>Ich auch bald ruhen will,<\/p>\n<p>Ruhen bei dir.<\/p>\n<p>Hin ist Hin!<\/p>\n<p>Tot ist tot!<\/p>\n<p>&nbsp;<\/p>\n<p>&nbsp;<\/p>\n<div id=\"attachment_13316\" style=\"width: 230px\" class=\"wp-caption alignleft\"><a href=\"http:\/\/www.editiondaslabor.de\/blog\/wp-content\/uploads\/2013\/12\/220px-Adalbert_Stifter_Stahlstich1.jpg\"><img loading=\"lazy\" decoding=\"async\" aria-describedby=\"caption-attachment-13316\" class=\"size-full wp-image-13316\" src=\"http:\/\/www.editiondaslabor.de\/blog\/wp-content\/uploads\/2013\/12\/220px-Adalbert_Stifter_Stahlstich1.jpg\" alt=\"\" width=\"220\" height=\"330\" srcset=\"http:\/\/www.editiondaslabor.de\/blog\/wp-content\/uploads\/2013\/12\/220px-Adalbert_Stifter_Stahlstich1.jpg 220w, http:\/\/www.editiondaslabor.de\/blog\/wp-content\/uploads\/2013\/12\/220px-Adalbert_Stifter_Stahlstich1-200x300.jpg 200w\" sizes=\"auto, (max-width: 220px) 100vw, 220px\" \/><\/a><p id=\"caption-attachment-13316\" class=\"wp-caption-text\">Adalbert Stifter, Stahlstich von Karl Mahlknecht. Gemalt von Daffinger.<\/p><\/div>\n<p style=\"text-align: justify;\"><strong><span style=\"font-size: 11.0pt; font-family: 'Verdana',sans-serif; color: black;\">Weiterf\u00fchrend <\/span><\/strong><strong><span style=\"font-size: 11.0pt; font-family: 'Arial',sans-serif; color: black;\">\u2192<\/span><\/strong><\/p>\n<p style=\"text-align: justify;\">Poesie z\u00e4hlt f\u00fcr KUNO weiterhin zu den identit\u00e4ts- und identifikationstiftenden Elementen einer Kultur, dies bezeugte auch der Versuch einer <a href=\"http:\/\/www.editiondaslabor.de\/blog\/?p=25630\">poetologischen Positionsbestimmung<\/a>.<\/p>\n","protected":false},"excerpt":{"rendered":"<p>&nbsp; Liebte dich, liebte dich Innig und treu; R\u00f6slein im Tod verblich; Hin ist der Mai. Hin ist Hin! Tot ist tot! &nbsp; Lebe wohl, lebe wohl! Mein M\u00e4dchen mild. In meinem Busen soll Nie vergl\u00fchn dein Bild. Hin ist&hellip;<\/p>\n<p class=\"more-link-p\"><a class=\"more-link\" href=\"http:\/\/www.editiondaslabor.de\/blog\/2005\/01\/28\/letztes-lied\/\">Read more &rarr;<\/a><\/p>\n","protected":false},"author":77,"featured_media":98195,"comment_status":"closed","ping_status":"closed","sticky":false,"template":"","format":"standard","meta":{"footnotes":""},"categories":[1],"tags":[1088],"class_list":["post-89622","post","type-post","status-publish","format-standard","has-post-thumbnail","hentry","category-literatur","tag-adalbert-stifter"],"_links":{"self":[{"href":"http:\/\/www.editiondaslabor.de\/blog\/wp-json\/wp\/v2\/posts\/89622","targetHints":{"allow":["GET"]}}],"collection":[{"href":"http:\/\/www.editiondaslabor.de\/blog\/wp-json\/wp\/v2\/posts"}],"about":[{"href":"http:\/\/www.editiondaslabor.de\/blog\/wp-json\/wp\/v2\/types\/post"}],"author":[{"embeddable":true,"href":"http:\/\/www.editiondaslabor.de\/blog\/wp-json\/wp\/v2\/users\/77"}],"replies":[{"embeddable":true,"href":"http:\/\/www.editiondaslabor.de\/blog\/wp-json\/wp\/v2\/comments?post=89622"}],"version-history":[{"count":2,"href":"http:\/\/www.editiondaslabor.de\/blog\/wp-json\/wp\/v2\/posts\/89622\/revisions"}],"predecessor-version":[{"id":98204,"href":"http:\/\/www.editiondaslabor.de\/blog\/wp-json\/wp\/v2\/posts\/89622\/revisions\/98204"}],"wp:featuredmedia":[{"embeddable":true,"href":"http:\/\/www.editiondaslabor.de\/blog\/wp-json\/wp\/v2\/media\/98195"}],"wp:attachment":[{"href":"http:\/\/www.editiondaslabor.de\/blog\/wp-json\/wp\/v2\/media?parent=89622"}],"wp:term":[{"taxonomy":"category","embeddable":true,"href":"http:\/\/www.editiondaslabor.de\/blog\/wp-json\/wp\/v2\/categories?post=89622"},{"taxonomy":"post_tag","embeddable":true,"href":"http:\/\/www.editiondaslabor.de\/blog\/wp-json\/wp\/v2\/tags?post=89622"}],"curies":[{"name":"wp","href":"https:\/\/api.w.org\/{rel}","templated":true}]}}