{"id":89618,"date":"2011-01-28T00:01:17","date_gmt":"2011-01-27T23:01:17","guid":{"rendered":"http:\/\/www.editiondaslabor.de\/blog\/?p=89618"},"modified":"2022-02-18T10:51:31","modified_gmt":"2022-02-18T09:51:31","slug":"neues-ergruenden","status":"publish","type":"post","link":"http:\/\/www.editiondaslabor.de\/blog\/2011\/01\/28\/neues-ergruenden\/","title":{"rendered":"Neues ergr\u00fcnden"},"content":{"rendered":"<p>&nbsp;<\/p>\n<p class=\"aphorism skl\" style=\"text-align: justify;\">Wie gro\u00df auch der Reichtum des schon zutage Gef\u00f6rderten ist, so ist der des Unbekannten doch noch unendlich gr\u00f6\u00dfer und gr\u00f6\u00dfer, und die Menschen haben unaufh\u00f6rlich zu lernen, teils um Neues zu ergr\u00fcnden, teils um das Vorhandene sich einzupr\u00e4gen.<\/p>\n<p>&nbsp;<\/p>\n<p>&nbsp;<\/p>\n<p>&nbsp;<\/p>\n<div id=\"attachment_13316\" style=\"width: 230px\" class=\"wp-caption alignleft\"><a href=\"http:\/\/www.editiondaslabor.de\/blog\/wp-content\/uploads\/2013\/12\/220px-Adalbert_Stifter_Stahlstich1.jpg\"><img loading=\"lazy\" decoding=\"async\" aria-describedby=\"caption-attachment-13316\" class=\"size-full wp-image-13316\" src=\"http:\/\/www.editiondaslabor.de\/blog\/wp-content\/uploads\/2013\/12\/220px-Adalbert_Stifter_Stahlstich1.jpg\" alt=\"\" width=\"220\" height=\"330\" srcset=\"http:\/\/www.editiondaslabor.de\/blog\/wp-content\/uploads\/2013\/12\/220px-Adalbert_Stifter_Stahlstich1.jpg 220w, http:\/\/www.editiondaslabor.de\/blog\/wp-content\/uploads\/2013\/12\/220px-Adalbert_Stifter_Stahlstich1-200x300.jpg 200w\" sizes=\"auto, (max-width: 220px) 100vw, 220px\" \/><\/a><p id=\"caption-attachment-13316\" class=\"wp-caption-text\">Adalbert Stifter, Stahlstich von Karl Mahlknecht. Gemalt von Daffinger.<\/p><\/div>\n<p style=\"text-align: justify;\"><strong><span style=\"font-size: 11.0pt; font-family: 'Verdana',sans-serif; color: black;\">Weiterf\u00fchrend <\/span><\/strong><strong><span style=\"font-size: 11.0pt; font-family: 'Arial',sans-serif; color: black;\">\u2192<\/span><\/strong><\/p>\n<p style=\"text-align: justify;\">Ein Essay \u00fcber die neue Literaturgattung <a href=\"http:\/\/www.editiondaslabor.de\/blog\/?p=22423\"><em>Twitteratur<\/em><\/a>.<\/p>\n","protected":false},"excerpt":{"rendered":"<p>&nbsp; Wie gro\u00df auch der Reichtum des schon zutage Gef\u00f6rderten ist, so ist der des Unbekannten doch noch unendlich gr\u00f6\u00dfer und gr\u00f6\u00dfer, und die Menschen haben unaufh\u00f6rlich zu lernen, teils um Neues zu ergr\u00fcnden, teils um das Vorhandene sich einzupr\u00e4gen.&hellip;<\/p>\n<p class=\"more-link-p\"><a class=\"more-link\" href=\"http:\/\/www.editiondaslabor.de\/blog\/2011\/01\/28\/neues-ergruenden\/\">Read more &rarr;<\/a><\/p>\n","protected":false},"author":77,"featured_media":98195,"comment_status":"closed","ping_status":"closed","sticky":false,"template":"","format":"standard","meta":{"footnotes":""},"categories":[1],"tags":[1088],"class_list":["post-89618","post","type-post","status-publish","format-standard","has-post-thumbnail","hentry","category-literatur","tag-adalbert-stifter"],"_links":{"self":[{"href":"http:\/\/www.editiondaslabor.de\/blog\/wp-json\/wp\/v2\/posts\/89618","targetHints":{"allow":["GET"]}}],"collection":[{"href":"http:\/\/www.editiondaslabor.de\/blog\/wp-json\/wp\/v2\/posts"}],"about":[{"href":"http:\/\/www.editiondaslabor.de\/blog\/wp-json\/wp\/v2\/types\/post"}],"author":[{"embeddable":true,"href":"http:\/\/www.editiondaslabor.de\/blog\/wp-json\/wp\/v2\/users\/77"}],"replies":[{"embeddable":true,"href":"http:\/\/www.editiondaslabor.de\/blog\/wp-json\/wp\/v2\/comments?post=89618"}],"version-history":[{"count":1,"href":"http:\/\/www.editiondaslabor.de\/blog\/wp-json\/wp\/v2\/posts\/89618\/revisions"}],"predecessor-version":[{"id":98199,"href":"http:\/\/www.editiondaslabor.de\/blog\/wp-json\/wp\/v2\/posts\/89618\/revisions\/98199"}],"wp:featuredmedia":[{"embeddable":true,"href":"http:\/\/www.editiondaslabor.de\/blog\/wp-json\/wp\/v2\/media\/98195"}],"wp:attachment":[{"href":"http:\/\/www.editiondaslabor.de\/blog\/wp-json\/wp\/v2\/media?parent=89618"}],"wp:term":[{"taxonomy":"category","embeddable":true,"href":"http:\/\/www.editiondaslabor.de\/blog\/wp-json\/wp\/v2\/categories?post=89618"},{"taxonomy":"post_tag","embeddable":true,"href":"http:\/\/www.editiondaslabor.de\/blog\/wp-json\/wp\/v2\/tags?post=89618"}],"curies":[{"name":"wp","href":"https:\/\/api.w.org\/{rel}","templated":true}]}}