{"id":89593,"date":"2024-11-23T00:01:08","date_gmt":"2024-11-22T23:01:08","guid":{"rendered":"http:\/\/www.editiondaslabor.de\/blog\/?p=89593"},"modified":"2024-11-23T06:12:39","modified_gmt":"2024-11-23T05:12:39","slug":"todtnauberg","status":"publish","type":"post","link":"http:\/\/www.editiondaslabor.de\/blog\/2024\/11\/23\/todtnauberg\/","title":{"rendered":"Todtnauberg"},"content":{"rendered":"<p>&nbsp;<\/p>\n<p>Arnika, Augentrost, der<\/p>\n<p>Trunk aus dem Brunnen mit dem<\/p>\n<p>Sternw\u00fcrfel drauf,<\/p>\n<p>in der<\/p>\n<p>H\u00fctte,<\/p>\n<p>die in das Buch<\/p>\n<p>\u2013 wessen Namen nahms auf<\/p>\n<p>vor dem meinen? \u2013,<\/p>\n<p>die in dies Buch<\/p>\n<p>geschriebene Zeile von<\/p>\n<p>einer Hoffnung, heute,<\/p>\n<p>auf eines Denkenden<\/p>\n<p>kommendes<\/p>\n<p>Wort<\/p>\n<p>im Herzen,<\/p>\n<p>Waldwasen, uneingeebnet,<\/p>\n<p>Orchis und Orchis, einzeln,<\/p>\n<p>Krudes, sp\u00e4ter, im Fahren,<\/p>\n<p>deutlich,<\/p>\n<p>der uns f\u00e4hrt, der Mensch,<\/p>\n<p>der\u2019s mit anh\u00f6rt,<\/p>\n<p>die halb-<\/p>\n<p>beschrittenen Kn\u00fcppel-<\/p>\n<p>pfade im Hochmoor,<\/p>\n<p>Feuchtes,<\/p>\n<p>viel.<\/p>\n<h4><\/h4>\n<p>&nbsp;<\/p>\n<p>&nbsp;<\/p>\n<p style=\"text-align: right;\"><em><a href=\"http:\/\/www.editiondaslabor.de\/blog\/wp-content\/uploads\/2020\/01\/Paul_Celan.jpg\"><img loading=\"lazy\" decoding=\"async\" class=\"alignleft wp-image-81872 size-medium\" src=\"http:\/\/www.editiondaslabor.de\/blog\/wp-content\/uploads\/2020\/01\/Paul_Celan-205x300.jpg\" alt=\"\" width=\"205\" height=\"300\" srcset=\"http:\/\/www.editiondaslabor.de\/blog\/wp-content\/uploads\/2020\/01\/Paul_Celan-205x300.jpg 205w, http:\/\/www.editiondaslabor.de\/blog\/wp-content\/uploads\/2020\/01\/Paul_Celan-260x381.jpg 260w, http:\/\/www.editiondaslabor.de\/blog\/wp-content\/uploads\/2020\/01\/Paul_Celan-160x235.jpg 160w, http:\/\/www.editiondaslabor.de\/blog\/wp-content\/uploads\/2020\/01\/Paul_Celan.jpg 375w\" sizes=\"auto, (max-width: 205px) 100vw, 205px\" \/><\/a><span style=\"color: #999999;\">Schon lange w\u00fcnsche ich, Paul Celan kennenzulernen. Er steht am weitesten vorne und h\u00e4lt sich am meisten zur\u00fcck. Ich kenne alles von ihm, wei\u00df auch von der schweren Krise, aus der er sich selbst herausgeholt hat, soweit dies ein Mensch vermag.<\/span><\/em><\/p>\n<p style=\"text-align: right;\"><span style=\"color: #999999;\">Martin Heidegger<\/span><\/p>\n<p style=\"text-align: justify;\">Der Philosoph Martin Heidegger hatte seit 1922 eine H\u00fctte in Todtnauberg, wo er sich oft aufhielt, G\u00e4ste empfing und an seinen Werken arbeitete. Der Martin-Heidegger-Panorama-Rundweg f\u00fchrt rund um Todtnauberg. Er ist mit Informationstafeln \u00fcber Heidegger und dessen Beziehung zu Todtnauberg ausgestattet. Der Lyriker Paul Celan besuchte Heidegger im Juli 1967 auf seiner H\u00fctte und schrieb am 1. August 1967 in Frankfurt am Main das Gedicht <em>Todtnauberg, es<\/em> wurde in den Band <em>Lichtzwang<\/em> (1970) aufgenommen, der nach Celans Selbstmord erscheint.<\/p>\n<p>&nbsp;<\/p>\n<p style=\"text-align: center;\">***<\/p>\n<p style=\"text-align: justify;\">Ein Hinweis auf die verdienstvolle Ausgabe: Paul Celan, Die Gedichte. Neue kommentierte Gesamtausgabe in einem Band. Hrsg. u. kommentiert von Barbara Wiedemann. Berlin: Suhrkamp, 2020<\/p>\n<p style=\"text-align: justify;\"><strong>Weiterf\u00fchrend<\/strong> <strong>\u2192<\/strong> Die Redaktion blieb seit 1989 zum lyrischen Mainstream stets in <em><a href=\"http:\/\/www.editiondaslabor.de\/blog\/1989\/01\/05\/lyrik-als-seismograph-an-der-epochenschwelle\/\">\u00c4quidistanz<\/a><\/em>.<\/p>\n<p style=\"text-align: justify;\"><strong>\u2192<\/strong> 1995 betrachteten wir die Lyrik vor dem Hintergrund der Mediengeschichte als <a href=\"http:\/\/www.editiondaslabor.de\/blog\/1995\/01\/02\/laboratorium-der-poesie\/\"><em>Laboratorium der Poesie<\/em><\/a><\/p>\n<p style=\"text-align: justify;\">\u2192 2005 vertieften wir die Medienbetrachtung mit dem Schwerpunkt <a href=\"http:\/\/www.editiondaslabor.de\/blog\/2005\/01\/02\/transmediale-poesie\/\"><em>Transmediale Poesie<\/em><\/a><\/p>\n<p style=\"text-align: justify;\">\u2192 2015 fragen wir uns in der <a href=\"http:\/\/www.editiondaslabor.de\/blog\/2015\/01\/02\/poetologische-positionsbestimmung\/\"><em>Minima poetica<\/em><\/a> wie man mit Elementarteilchen die Gattung Lyrik neu zusammensetzt.<\/p>\n<p style=\"text-align: justify;\">\u2192\u00a0 Lyrik lotet das Verh\u00e4ltnis zwischen dem Fremden und dem Eigenen aus. Dies versucht auch ein <a href=\"http:\/\/www.editiondaslabor.de\/blog\/2024\/01\/01\/ein-leben-ohne-poesie-waere-moeglich-jedoch-sinnlos\/\">Essay<\/a> zum Beginn des Lyrikjahres 2024.<\/p>\n","protected":false},"excerpt":{"rendered":"<p>&nbsp; Arnika, Augentrost, der Trunk aus dem Brunnen mit dem Sternw\u00fcrfel drauf, in der H\u00fctte, die in das Buch \u2013 wessen Namen nahms auf vor dem meinen? \u2013, die in dies Buch geschriebene Zeile von einer Hoffnung, heute, auf eines&hellip;<\/p>\n<p class=\"more-link-p\"><a class=\"more-link\" href=\"http:\/\/www.editiondaslabor.de\/blog\/2024\/11\/23\/todtnauberg\/\">Read more &rarr;<\/a><\/p>\n","protected":false},"author":163,"featured_media":99181,"comment_status":"closed","ping_status":"closed","sticky":false,"template":"","format":"standard","meta":{"footnotes":""},"categories":[1],"tags":[137],"class_list":["post-89593","post","type-post","status-publish","format-standard","has-post-thumbnail","hentry","category-literatur","tag-paul-celan"],"_links":{"self":[{"href":"http:\/\/www.editiondaslabor.de\/blog\/wp-json\/wp\/v2\/posts\/89593","targetHints":{"allow":["GET"]}}],"collection":[{"href":"http:\/\/www.editiondaslabor.de\/blog\/wp-json\/wp\/v2\/posts"}],"about":[{"href":"http:\/\/www.editiondaslabor.de\/blog\/wp-json\/wp\/v2\/types\/post"}],"author":[{"embeddable":true,"href":"http:\/\/www.editiondaslabor.de\/blog\/wp-json\/wp\/v2\/users\/163"}],"replies":[{"embeddable":true,"href":"http:\/\/www.editiondaslabor.de\/blog\/wp-json\/wp\/v2\/comments?post=89593"}],"version-history":[{"count":3,"href":"http:\/\/www.editiondaslabor.de\/blog\/wp-json\/wp\/v2\/posts\/89593\/revisions"}],"predecessor-version":[{"id":106495,"href":"http:\/\/www.editiondaslabor.de\/blog\/wp-json\/wp\/v2\/posts\/89593\/revisions\/106495"}],"wp:featuredmedia":[{"embeddable":true,"href":"http:\/\/www.editiondaslabor.de\/blog\/wp-json\/wp\/v2\/media\/99181"}],"wp:attachment":[{"href":"http:\/\/www.editiondaslabor.de\/blog\/wp-json\/wp\/v2\/media?parent=89593"}],"wp:term":[{"taxonomy":"category","embeddable":true,"href":"http:\/\/www.editiondaslabor.de\/blog\/wp-json\/wp\/v2\/categories?post=89593"},{"taxonomy":"post_tag","embeddable":true,"href":"http:\/\/www.editiondaslabor.de\/blog\/wp-json\/wp\/v2\/tags?post=89593"}],"curies":[{"name":"wp","href":"https:\/\/api.w.org\/{rel}","templated":true}]}}