{"id":89529,"date":"2015-02-24T00:01:25","date_gmt":"2015-02-23T23:01:25","guid":{"rendered":"http:\/\/www.editiondaslabor.de\/blog\/?p=89529"},"modified":"2021-07-25T09:30:04","modified_gmt":"2021-07-25T07:30:04","slug":"die-laubwolke","status":"publish","type":"post","link":"http:\/\/www.editiondaslabor.de\/blog\/2015\/02\/24\/die-laubwolke\/","title":{"rendered":"Die Laubwolke"},"content":{"rendered":"<p>&nbsp;<\/p>\n<p>Best\u00e4ndig ist das leicht Verletzliche.<\/p>\n<p>Lange hing die gr\u00fcne Wolke \u00fcber der Erde,<br \/>\nWohin ging sie?<\/p>\n<p>Im neuen Fr\u00fchling schwebt sie wieder an<br \/>\nUnd erf\u00fcllt ihren Ort<br \/>\nZwischen Grund und H\u00f6he.<br \/>\nVom Winde gesteuert,<br \/>\nVom Regen gedr\u00e4ngt,<br \/>\nVom Licht gehoben,<br \/>\nKehrt sie immer zur\u00fcck<br \/>\nUnd bleibt so viele Jahre.<\/p>\n<p>Jedesmal in den herbstlichen Lichtern<br \/>\nKlagts aus ihr: ich sinke, warum ich?<br \/>\nUnd lauter mit dem Sinn von Dichtern:<br \/>\nEs st\u00fcrzt mich, ja, warum nicht mich?<\/p>\n<p>Wird es dann Winter &#8211;<br \/>\nIm Himmel kriecht gekr\u00fcmmtes Gest\u00e4be,<br \/>\nDen einmal gewachsenen Abstand nicht \u00e4ndernd,<br \/>\nEins des andern vielleicht nicht gewahr,<br \/>\nDoch beisammen in gleicher Spreizung.<\/p>\n<p>Zwischen Grund und H\u00f6he,<br \/>\nVon der S\u00e4ge des G\u00e4rtners unzerrissen,<br \/>\nVon der Axt des F\u00e4llers nicht getroffen,<br \/>\nBleibt das Gesetz:<br \/>\nBest\u00e4ndig ist das leicht Verletzliche.<\/p>\n<p>&nbsp;<\/p>\n<p>&nbsp;<\/p>\n<p>&nbsp;<\/p>\n<p style=\"text-align: justify;\"><a href=\"http:\/\/www.editiondaslabor.de\/blog\/wp-content\/uploads\/1995\/03\/Loerke_Cover.jpg\"><img loading=\"lazy\" decoding=\"async\" class=\"size-medium wp-image-89511 alignleft\" src=\"http:\/\/www.editiondaslabor.de\/blog\/wp-content\/uploads\/1995\/03\/Loerke_Cover-203x300.jpg\" alt=\"\" width=\"203\" height=\"300\" srcset=\"http:\/\/www.editiondaslabor.de\/blog\/wp-content\/uploads\/1995\/03\/Loerke_Cover-203x300.jpg 203w, http:\/\/www.editiondaslabor.de\/blog\/wp-content\/uploads\/1995\/03\/Loerke_Cover-691x1024.jpg 691w, http:\/\/www.editiondaslabor.de\/blog\/wp-content\/uploads\/1995\/03\/Loerke_Cover-560x829.jpg 560w, http:\/\/www.editiondaslabor.de\/blog\/wp-content\/uploads\/1995\/03\/Loerke_Cover-260x385.jpg 260w, http:\/\/www.editiondaslabor.de\/blog\/wp-content\/uploads\/1995\/03\/Loerke_Cover-160x237.jpg 160w, http:\/\/www.editiondaslabor.de\/blog\/wp-content\/uploads\/1995\/03\/Loerke_Cover.jpg 736w\" sizes=\"auto, (max-width: 203px) 100vw, 203px\" \/><\/a>Oskar Loerke geh\u00f6rt zu den bedeutendsten Vertretern der deutschen Lyrik des 20. Jahrhunderts. Seine Gedichte werden in Anthologien unter den Stichworten Expressionismus, Naturdichtung oder Innere Emigration abgedruckt. Doch wird diese Reduktion der thematischen Vielfalt und dem Formenreichtum seiner Dichtung nicht gerecht, die weite geschichtliche, mythologische und geographische R\u00e4ume umgreift. Ihr grunds\u00e4tzliches Einverst\u00e4ndnis mit der Welt erf\u00e4hrt in der NS-Zeit einen tiefen Riss, der auch durch offen eingestandene Wut und Verzweiflung am Weltzustand nicht mehr zu heilen ist.<\/p>\n<p style=\"text-align: justify;\">F\u00fcr Paul Celan war Loerkes &#8218;<a href=\"http:\/\/www.editiondaslabor.de\/blog\/1995\/03\/13\/pansmusik\/\">Pansmusik<\/a>&#8218; das sch\u00f6nste Gedicht in deutscher Sprache.<\/p>\n<p style=\"text-align: justify;\"><strong>Weiterf\u00fchrend <\/strong><strong>\u2192<\/strong>\u00a0Poesie z\u00e4hlt f\u00fcr KUNO weiterhin zu den identit\u00e4ts- und identifikationstiftenden Elementen einer Kultur, dies bezeugte auch der Versuch einer <a href=\"http:\/\/www.editiondaslabor.de\/blog\/?p=25630\">poetologischen Positionsbestimmung<\/a>.<\/p>\n","protected":false},"excerpt":{"rendered":"<p>&nbsp; Best\u00e4ndig ist das leicht Verletzliche. Lange hing die gr\u00fcne Wolke \u00fcber der Erde, Wohin ging sie? Im neuen Fr\u00fchling schwebt sie wieder an Und erf\u00fcllt ihren Ort Zwischen Grund und H\u00f6he. Vom Winde gesteuert, Vom Regen gedr\u00e4ngt, Vom Licht&hellip;<\/p>\n<p class=\"more-link-p\"><a class=\"more-link\" href=\"http:\/\/www.editiondaslabor.de\/blog\/2015\/02\/24\/die-laubwolke\/\">Read more &rarr;<\/a><\/p>\n","protected":false},"author":231,"featured_media":89511,"comment_status":"closed","ping_status":"closed","sticky":false,"template":"","format":"standard","meta":{"footnotes":""},"categories":[1],"tags":[3092],"class_list":["post-89529","post","type-post","status-publish","format-standard","has-post-thumbnail","hentry","category-literatur","tag-oskar-loerke"],"_links":{"self":[{"href":"http:\/\/www.editiondaslabor.de\/blog\/wp-json\/wp\/v2\/posts\/89529","targetHints":{"allow":["GET"]}}],"collection":[{"href":"http:\/\/www.editiondaslabor.de\/blog\/wp-json\/wp\/v2\/posts"}],"about":[{"href":"http:\/\/www.editiondaslabor.de\/blog\/wp-json\/wp\/v2\/types\/post"}],"author":[{"embeddable":true,"href":"http:\/\/www.editiondaslabor.de\/blog\/wp-json\/wp\/v2\/users\/231"}],"replies":[{"embeddable":true,"href":"http:\/\/www.editiondaslabor.de\/blog\/wp-json\/wp\/v2\/comments?post=89529"}],"version-history":[{"count":0,"href":"http:\/\/www.editiondaslabor.de\/blog\/wp-json\/wp\/v2\/posts\/89529\/revisions"}],"wp:featuredmedia":[{"embeddable":true,"href":"http:\/\/www.editiondaslabor.de\/blog\/wp-json\/"}],"wp:attachment":[{"href":"http:\/\/www.editiondaslabor.de\/blog\/wp-json\/wp\/v2\/media?parent=89529"}],"wp:term":[{"taxonomy":"category","embeddable":true,"href":"http:\/\/www.editiondaslabor.de\/blog\/wp-json\/wp\/v2\/categories?post=89529"},{"taxonomy":"post_tag","embeddable":true,"href":"http:\/\/www.editiondaslabor.de\/blog\/wp-json\/wp\/v2\/tags?post=89529"}],"curies":[{"name":"wp","href":"https:\/\/api.w.org\/{rel}","templated":true}]}}