{"id":89523,"date":"2005-03-13T00:01:09","date_gmt":"2005-03-12T23:01:09","guid":{"rendered":"http:\/\/www.editiondaslabor.de\/blog\/?p=89523"},"modified":"2021-07-25T09:23:52","modified_gmt":"2021-07-25T07:23:52","slug":"der-silberdistelwald","status":"publish","type":"post","link":"http:\/\/www.editiondaslabor.de\/blog\/2005\/03\/13\/der-silberdistelwald\/","title":{"rendered":"Der Silberdistelwald"},"content":{"rendered":"<p>&nbsp;<\/p>\n<p>Mein Haus, es steht nun mitten<\/p>\n<p>Im Silberdistelwald.<\/p>\n<p>Pan ist vorbeigeschritten,<\/p>\n<p>Was stritt, hat ausgestritten<\/p>\n<p>In seiner Nachtgestalt.<\/p>\n<p>&nbsp;<\/p>\n<p>Die bleichen Disteln starren<\/p>\n<p>Im Schwarz, ein wilder Putz.<\/p>\n<p>Verborgne Wurzeln knarren:<\/p>\n<p>Wenn wir Pans Schlaf verscharren,<\/p>\n<p>Nimmt niemand ihn in Schutz.<\/p>\n<p>&nbsp;<\/p>\n<p>Vielleicht, dass eine Bl\u00fcte<\/p>\n<p>Zu tiefer Kommunion<\/p>\n<p>Ihm nachfiel und vergl\u00fchte:<\/p>\n<p>Mein Vater du, ich h\u00fcte,<\/p>\n<p>Ich h\u00fcte dich, mein Sohn.<\/p>\n<p>&nbsp;<\/p>\n<p>Der Ort liegt waldinmitten,<\/p>\n<p>Von stillstem Licht gefleckt,<\/p>\n<p>Mein Herz &#8211; nichts kam geritten,<\/p>\n<p>Kein Einhorn kam geschritten &#8211;<\/p>\n<p>Mein Herz nur schlug erweckt.<\/p>\n<p>&nbsp;<\/p>\n<p>&nbsp;<\/p>\n<p>&nbsp;<\/p>\n<p style=\"text-align: justify\"><a href=\"http:\/\/www.editiondaslabor.de\/blog\/wp-content\/uploads\/1995\/03\/Loerke_Cover.jpg\"><img loading=\"lazy\" decoding=\"async\" class=\"size-medium wp-image-89511 alignleft\" src=\"http:\/\/www.editiondaslabor.de\/blog\/wp-content\/uploads\/1995\/03\/Loerke_Cover-203x300.jpg\" alt=\"\" width=\"203\" height=\"300\" srcset=\"http:\/\/www.editiondaslabor.de\/blog\/wp-content\/uploads\/1995\/03\/Loerke_Cover-203x300.jpg 203w, http:\/\/www.editiondaslabor.de\/blog\/wp-content\/uploads\/1995\/03\/Loerke_Cover-691x1024.jpg 691w, http:\/\/www.editiondaslabor.de\/blog\/wp-content\/uploads\/1995\/03\/Loerke_Cover-560x829.jpg 560w, http:\/\/www.editiondaslabor.de\/blog\/wp-content\/uploads\/1995\/03\/Loerke_Cover-260x385.jpg 260w, http:\/\/www.editiondaslabor.de\/blog\/wp-content\/uploads\/1995\/03\/Loerke_Cover-160x237.jpg 160w, http:\/\/www.editiondaslabor.de\/blog\/wp-content\/uploads\/1995\/03\/Loerke_Cover.jpg 736w\" sizes=\"auto, (max-width: 203px) 100vw, 203px\" \/><\/a>Oskar Loerke geh\u00f6rt zu den bedeutendsten Vertretern der deutschen Lyrik des 20. Jahrhunderts. Seine Gedichte werden in Anthologien unter den Stichworten Expressionismus, Naturdichtung oder Innere Emigration abgedruckt. Doch wird diese Reduktion der thematischen Vielfalt und dem Formenreichtum seiner Dichtung nicht gerecht, die weite geschichtliche, mythologische und geographische R\u00e4ume umgreift. Ihr grunds\u00e4tzliches Einverst\u00e4ndnis mit der Welt erf\u00e4hrt in der NS-Zeit einen tiefen Riss, der auch durch offen eingestandene Wut und Verzweiflung am Weltzustand nicht mehr zu heilen ist.<\/p>\n<p style=\"text-align: justify\">F\u00fcr Paul Celan war Loerkes &#8218;<a href=\"http:\/\/www.editiondaslabor.de\/blog\/1995\/03\/13\/pansmusik\/\">Pansmusik<\/a>&#8218; das sch\u00f6nste Gedicht in deutscher Sprache.<\/p>\n<p style=\"text-align: justify\"><strong>Weiterf\u00fchrend <\/strong><strong>\u2192<\/strong>\u00a0Poesie z\u00e4hlt f\u00fcr KUNO weiterhin zu den identit\u00e4ts- und identifikationstiftenden Elementen einer Kultur, dies bezeugte auch der Versuch einer <a href=\"http:\/\/www.editiondaslabor.de\/blog\/?p=25630\">poetologischen Positionsbestimmung<\/a>.<\/p>\n","protected":false},"excerpt":{"rendered":"<p>&nbsp; Mein Haus, es steht nun mitten Im Silberdistelwald. Pan ist vorbeigeschritten, Was stritt, hat ausgestritten In seiner Nachtgestalt. &nbsp; Die bleichen Disteln starren Im Schwarz, ein wilder Putz. Verborgne Wurzeln knarren: Wenn wir Pans Schlaf verscharren, Nimmt niemand ihn&hellip;<\/p>\n<p class=\"more-link-p\"><a class=\"more-link\" href=\"http:\/\/www.editiondaslabor.de\/blog\/2005\/03\/13\/der-silberdistelwald\/\">Read more &rarr;<\/a><\/p>\n","protected":false},"author":231,"featured_media":89511,"comment_status":"closed","ping_status":"closed","sticky":false,"template":"","format":"standard","meta":{"footnotes":""},"categories":[1],"tags":[3092],"class_list":["post-89523","post","type-post","status-publish","format-standard","has-post-thumbnail","hentry","category-literatur","tag-oskar-loerke"],"_links":{"self":[{"href":"http:\/\/www.editiondaslabor.de\/blog\/wp-json\/wp\/v2\/posts\/89523","targetHints":{"allow":["GET"]}}],"collection":[{"href":"http:\/\/www.editiondaslabor.de\/blog\/wp-json\/wp\/v2\/posts"}],"about":[{"href":"http:\/\/www.editiondaslabor.de\/blog\/wp-json\/wp\/v2\/types\/post"}],"author":[{"embeddable":true,"href":"http:\/\/www.editiondaslabor.de\/blog\/wp-json\/wp\/v2\/users\/231"}],"replies":[{"embeddable":true,"href":"http:\/\/www.editiondaslabor.de\/blog\/wp-json\/wp\/v2\/comments?post=89523"}],"version-history":[{"count":0,"href":"http:\/\/www.editiondaslabor.de\/blog\/wp-json\/wp\/v2\/posts\/89523\/revisions"}],"wp:featuredmedia":[{"embeddable":true,"href":"http:\/\/www.editiondaslabor.de\/blog\/wp-json\/"}],"wp:attachment":[{"href":"http:\/\/www.editiondaslabor.de\/blog\/wp-json\/wp\/v2\/media?parent=89523"}],"wp:term":[{"taxonomy":"category","embeddable":true,"href":"http:\/\/www.editiondaslabor.de\/blog\/wp-json\/wp\/v2\/categories?post=89523"},{"taxonomy":"post_tag","embeddable":true,"href":"http:\/\/www.editiondaslabor.de\/blog\/wp-json\/wp\/v2\/tags?post=89523"}],"curies":[{"name":"wp","href":"https:\/\/api.w.org\/{rel}","templated":true}]}}