{"id":89519,"date":"2005-02-24T00:01:25","date_gmt":"2005-02-23T23:01:25","guid":{"rendered":"http:\/\/www.editiondaslabor.de\/blog\/?p=89519"},"modified":"2021-07-25T09:19:55","modified_gmt":"2021-07-25T07:19:55","slug":"blauer-abend-in-berlin","status":"publish","type":"post","link":"http:\/\/www.editiondaslabor.de\/blog\/2005\/02\/24\/blauer-abend-in-berlin\/","title":{"rendered":"Blauer Abend in Berlin"},"content":{"rendered":"<p>&nbsp;<\/p>\n<p>Der Himmel flie\u00dft in steinernen Kan\u00e4len;<\/p>\n<p>Denn zu Kan\u00e4len steilrecht ausgehauen<\/p>\n<p>Sind alle Stra\u00dfen, voll vom Himmelblauen.<\/p>\n<p>Und Kuppeln gleichen Bojen, Schlote Pf\u00e4hlen<\/p>\n<p>&nbsp;<\/p>\n<p>Im Wasser. Schwarze Essend\u00e4mpfe schwelen<\/p>\n<p>Und sind wie Wasserpflanzen anzuschauen.<\/p>\n<p>Die Leben, die sich ganz im Grunde stauen,<\/p>\n<p>Beginnen sacht vom Himmel zu erz\u00e4hlen,<\/p>\n<p>&nbsp;<\/p>\n<p>Gemengt, entwirrt nach blauen Melodien.<\/p>\n<p>Wie eines Wassers Bodensatz und Tand<\/p>\n<p>Regt sie des Wassers Wille und Verstand<\/p>\n<p>&nbsp;<\/p>\n<p>Im D\u00fcnen, Kommen, Gehen, Gleiten, Ziehen.<\/p>\n<p>Die Menschen sind wie grober bunter Sand<\/p>\n<p>Im linden Spiel der gro\u00dfen Wellenhand.<\/p>\n<p>&nbsp;<\/p>\n<p>&nbsp;<\/p>\n<p>&nbsp;<\/p>\n<p style=\"text-align: justify\"><a href=\"http:\/\/www.editiondaslabor.de\/blog\/wp-content\/uploads\/1995\/03\/Loerke_Cover.jpg\"><img loading=\"lazy\" decoding=\"async\" class=\"size-medium wp-image-89511 alignleft\" src=\"http:\/\/www.editiondaslabor.de\/blog\/wp-content\/uploads\/1995\/03\/Loerke_Cover-203x300.jpg\" alt=\"\" width=\"203\" height=\"300\" srcset=\"http:\/\/www.editiondaslabor.de\/blog\/wp-content\/uploads\/1995\/03\/Loerke_Cover-203x300.jpg 203w, http:\/\/www.editiondaslabor.de\/blog\/wp-content\/uploads\/1995\/03\/Loerke_Cover-691x1024.jpg 691w, http:\/\/www.editiondaslabor.de\/blog\/wp-content\/uploads\/1995\/03\/Loerke_Cover-560x829.jpg 560w, http:\/\/www.editiondaslabor.de\/blog\/wp-content\/uploads\/1995\/03\/Loerke_Cover-260x385.jpg 260w, http:\/\/www.editiondaslabor.de\/blog\/wp-content\/uploads\/1995\/03\/Loerke_Cover-160x237.jpg 160w, http:\/\/www.editiondaslabor.de\/blog\/wp-content\/uploads\/1995\/03\/Loerke_Cover.jpg 736w\" sizes=\"auto, (max-width: 203px) 100vw, 203px\" \/><\/a>Oskar Loerke geh\u00f6rt zu den bedeutendsten Vertretern der deutschen Lyrik des 20. Jahrhunderts. Seine Gedichte werden in Anthologien unter den Stichworten Expressionismus, Naturdichtung oder Innere Emigration abgedruckt. Doch wird diese Reduktion der thematischen Vielfalt und dem Formenreichtum seiner Dichtung nicht gerecht, die weite geschichtliche, mythologische und geographische R\u00e4ume umgreift. Ihr grunds\u00e4tzliches Einverst\u00e4ndnis mit der Welt erf\u00e4hrt in der NS-Zeit einen tiefen Riss, der auch durch offen eingestandene Wut und Verzweiflung am Weltzustand nicht mehr zu heilen ist.<\/p>\n<p style=\"text-align: justify\">F\u00fcr Paul Celan war Loerkes &#8218;<a href=\"http:\/\/www.editiondaslabor.de\/blog\/1995\/03\/13\/pansmusik\/\">Pansmusik<\/a>&#8218; das sch\u00f6nste Gedicht in deutscher Sprache.<\/p>\n<p style=\"text-align: justify\"><strong>Weiterf\u00fchrend <\/strong><strong>\u2192<\/strong>\u00a0Poesie z\u00e4hlt f\u00fcr KUNO weiterhin zu den identit\u00e4ts- und identifikationstiftenden Elementen einer Kultur, dies bezeugte auch der Versuch einer <a href=\"http:\/\/www.editiondaslabor.de\/blog\/?p=25630\">poetologischen Positionsbestimmung<\/a>.<\/p>\n","protected":false},"excerpt":{"rendered":"<p>&nbsp; Der Himmel flie\u00dft in steinernen Kan\u00e4len; Denn zu Kan\u00e4len steilrecht ausgehauen Sind alle Stra\u00dfen, voll vom Himmelblauen. Und Kuppeln gleichen Bojen, Schlote Pf\u00e4hlen &nbsp; Im Wasser. Schwarze Essend\u00e4mpfe schwelen Und sind wie Wasserpflanzen anzuschauen. Die Leben, die sich ganz&hellip;<\/p>\n<p class=\"more-link-p\"><a class=\"more-link\" href=\"http:\/\/www.editiondaslabor.de\/blog\/2005\/02\/24\/blauer-abend-in-berlin\/\">Read more &rarr;<\/a><\/p>\n","protected":false},"author":231,"featured_media":89511,"comment_status":"closed","ping_status":"closed","sticky":false,"template":"","format":"standard","meta":{"footnotes":""},"categories":[1],"tags":[3092],"class_list":["post-89519","post","type-post","status-publish","format-standard","has-post-thumbnail","hentry","category-literatur","tag-oskar-loerke"],"_links":{"self":[{"href":"http:\/\/www.editiondaslabor.de\/blog\/wp-json\/wp\/v2\/posts\/89519","targetHints":{"allow":["GET"]}}],"collection":[{"href":"http:\/\/www.editiondaslabor.de\/blog\/wp-json\/wp\/v2\/posts"}],"about":[{"href":"http:\/\/www.editiondaslabor.de\/blog\/wp-json\/wp\/v2\/types\/post"}],"author":[{"embeddable":true,"href":"http:\/\/www.editiondaslabor.de\/blog\/wp-json\/wp\/v2\/users\/231"}],"replies":[{"embeddable":true,"href":"http:\/\/www.editiondaslabor.de\/blog\/wp-json\/wp\/v2\/comments?post=89519"}],"version-history":[{"count":0,"href":"http:\/\/www.editiondaslabor.de\/blog\/wp-json\/wp\/v2\/posts\/89519\/revisions"}],"wp:featuredmedia":[{"embeddable":true,"href":"http:\/\/www.editiondaslabor.de\/blog\/wp-json\/"}],"wp:attachment":[{"href":"http:\/\/www.editiondaslabor.de\/blog\/wp-json\/wp\/v2\/media?parent=89519"}],"wp:term":[{"taxonomy":"category","embeddable":true,"href":"http:\/\/www.editiondaslabor.de\/blog\/wp-json\/wp\/v2\/categories?post=89519"},{"taxonomy":"post_tag","embeddable":true,"href":"http:\/\/www.editiondaslabor.de\/blog\/wp-json\/wp\/v2\/tags?post=89519"}],"curies":[{"name":"wp","href":"https:\/\/api.w.org\/{rel}","templated":true}]}}