{"id":89507,"date":"1995-03-13T00:01:31","date_gmt":"1995-03-12T23:01:31","guid":{"rendered":"http:\/\/www.editiondaslabor.de\/blog\/?p=89507"},"modified":"2021-07-25T09:08:45","modified_gmt":"2021-07-25T07:08:45","slug":"pansmusik","status":"publish","type":"post","link":"http:\/\/www.editiondaslabor.de\/blog\/1995\/03\/13\/pansmusik\/","title":{"rendered":"Pansmusik"},"content":{"rendered":"<p>&nbsp;<\/p>\n<p>Ein Flo\u00df schwimmt aus dem fernen Himmelsrande,<br \/>\nDrauf t\u00f6nt es d\u00fcnn und blass<br \/>\nWie eine alte s\u00fc\u00dfe Sarabande.<br \/>\nDas Auge wird mir nass.<\/p>\n<p>Es ist, wie wenn den weiten Horizonten<br \/>\nDie Seele \u00fcbergeht,<br \/>\nDer Himmel auf den Ebnen, den besonnten,<br \/>\nAufhorcht wie ein Prophet<\/p>\n<p>Und eine arme Weise in die Ohren<br \/>\nDer h\u00f6hern Himmel spricht:<br \/>\nDas Spielen wankt, im Spielen unverloren,<br \/>\nDas Licht wankt durch das Licht.<\/p>\n<p>Heut f\u00e4hrt der Gott der Welt auf einem Flo\u00dfe,<br \/>\nEr sitzt auf Schilf und Rohr<br \/>\nUnd spielt die sanfte, abendliche, gro\u00dfe,<br \/>\nUnd spielt die Welt sich vor.<\/p>\n<p>Er spielt das gro\u00dfe Licht der Welt zur Neige,<br \/>\nTief aus sich her den Strom<br \/>\nDurch Ebnen mit der Schwermut langer Steige<br \/>\nUnd Ewigkeitsarom.<\/p>\n<p>Er baut die Ebenen und ihre St\u00e4dte<br \/>\nMit weichen Mundes Ton<br \/>\nUnd alles Werden bis in diese sp\u00e4te<br \/>\nVerspieltsein und Verlohn:<\/p>\n<p>Doch alles wie zu stillendem Genusse<br \/>\nDen Augen blo\u00df, dem Ohr.<br \/>\nSo f\u00e4hrt er selig auf dem gro\u00dfen Flusse<br \/>\nUnd spielt die Welt sich vor.<\/p>\n<p>So f\u00e4hrt sein Licht und ist bald bei den gr\u00f6\u00dfern,<br \/>\nOrion, Schwan und B\u00e4r:<br \/>\nSie alle scheinen Fl\u00f6\u00dfe schon mit Fl\u00f6\u00dfern<br \/>\nDer Welt ins leere Meer.<\/p>\n<p>Bald wird die Grundharmonika verhallen,<br \/>\nDie Seele schl\u00e4ft mir ein,<br \/>\nBald wird der Wind aus seiner H\u00f6he fallen,<br \/>\nDie Tiefe nicht mehr sein.<\/p>\n<p>&nbsp;<\/p>\n<p>&nbsp;<\/p>\n<p>&nbsp;<\/p>\n<p>&nbsp;<\/p>\n<p style=\"text-align: justify\"><a href=\"http:\/\/www.editiondaslabor.de\/blog\/wp-content\/uploads\/1995\/03\/Loerke_Cover.jpg\"><img loading=\"lazy\" decoding=\"async\" class=\"size-medium wp-image-89511 alignleft\" src=\"http:\/\/www.editiondaslabor.de\/blog\/wp-content\/uploads\/1995\/03\/Loerke_Cover-203x300.jpg\" alt=\"\" width=\"203\" height=\"300\" srcset=\"http:\/\/www.editiondaslabor.de\/blog\/wp-content\/uploads\/1995\/03\/Loerke_Cover-203x300.jpg 203w, http:\/\/www.editiondaslabor.de\/blog\/wp-content\/uploads\/1995\/03\/Loerke_Cover-691x1024.jpg 691w, http:\/\/www.editiondaslabor.de\/blog\/wp-content\/uploads\/1995\/03\/Loerke_Cover-560x829.jpg 560w, http:\/\/www.editiondaslabor.de\/blog\/wp-content\/uploads\/1995\/03\/Loerke_Cover-260x385.jpg 260w, http:\/\/www.editiondaslabor.de\/blog\/wp-content\/uploads\/1995\/03\/Loerke_Cover-160x237.jpg 160w, http:\/\/www.editiondaslabor.de\/blog\/wp-content\/uploads\/1995\/03\/Loerke_Cover.jpg 736w\" sizes=\"auto, (max-width: 203px) 100vw, 203px\" \/><\/a>Oskar Loerke geh\u00f6rt zu den bedeutendsten Vertretern der deutschen Lyrik des 20. Jahrhunderts. Seine Gedichte werden in Anthologien unter den Stichworten Expressionismus, Naturdichtung oder Innere Emigration abgedruckt. Doch wird diese Reduktion der thematischen Vielfalt und dem Formenreichtum seiner Dichtung nicht gerecht, die weite geschichtliche, mythologische und geographische R\u00e4ume umgreift. Ihr grunds\u00e4tzliches Einverst\u00e4ndnis mit der Welt erf\u00e4hrt in der NS-Zeit einen tiefen Riss, der auch durch offen eingestandene Wut und Verzweiflung am Weltzustand nicht mehr zu heilen ist.<\/p>\n<p style=\"text-align: justify\">F\u00fcr Paul Celan war Loerkes &#8218;Pansmusik&#8216; das sch\u00f6nste Gedicht in deutscher Sprache.<\/p>\n<p style=\"text-align: justify\"><strong>Weiterf\u00fchrend <\/strong><strong>\u2192<\/strong>\u00a0Poesie z\u00e4hlt f\u00fcr KUNO weiterhin zu den identit\u00e4ts- und identifikationstiftenden Elementen einer Kultur, dies bezeugte auch der Versuch einer <a href=\"http:\/\/www.editiondaslabor.de\/blog\/?p=25630\">poetologischen Positionsbestimmung<\/a>.<\/p>\n","protected":false},"excerpt":{"rendered":"<p>&nbsp; Ein Flo\u00df schwimmt aus dem fernen Himmelsrande, Drauf t\u00f6nt es d\u00fcnn und blass Wie eine alte s\u00fc\u00dfe Sarabande. Das Auge wird mir nass. Es ist, wie wenn den weiten Horizonten Die Seele \u00fcbergeht, Der Himmel auf den Ebnen, den&hellip;<\/p>\n<p class=\"more-link-p\"><a class=\"more-link\" href=\"http:\/\/www.editiondaslabor.de\/blog\/1995\/03\/13\/pansmusik\/\">Read more &rarr;<\/a><\/p>\n","protected":false},"author":231,"featured_media":89511,"comment_status":"closed","ping_status":"closed","sticky":false,"template":"","format":"standard","meta":{"footnotes":""},"categories":[1],"tags":[3092],"class_list":["post-89507","post","type-post","status-publish","format-standard","has-post-thumbnail","hentry","category-literatur","tag-oskar-loerke"],"_links":{"self":[{"href":"http:\/\/www.editiondaslabor.de\/blog\/wp-json\/wp\/v2\/posts\/89507","targetHints":{"allow":["GET"]}}],"collection":[{"href":"http:\/\/www.editiondaslabor.de\/blog\/wp-json\/wp\/v2\/posts"}],"about":[{"href":"http:\/\/www.editiondaslabor.de\/blog\/wp-json\/wp\/v2\/types\/post"}],"author":[{"embeddable":true,"href":"http:\/\/www.editiondaslabor.de\/blog\/wp-json\/wp\/v2\/users\/231"}],"replies":[{"embeddable":true,"href":"http:\/\/www.editiondaslabor.de\/blog\/wp-json\/wp\/v2\/comments?post=89507"}],"version-history":[{"count":0,"href":"http:\/\/www.editiondaslabor.de\/blog\/wp-json\/wp\/v2\/posts\/89507\/revisions"}],"wp:featuredmedia":[{"embeddable":true,"href":"http:\/\/www.editiondaslabor.de\/blog\/wp-json\/"}],"wp:attachment":[{"href":"http:\/\/www.editiondaslabor.de\/blog\/wp-json\/wp\/v2\/media?parent=89507"}],"wp:term":[{"taxonomy":"category","embeddable":true,"href":"http:\/\/www.editiondaslabor.de\/blog\/wp-json\/wp\/v2\/categories?post=89507"},{"taxonomy":"post_tag","embeddable":true,"href":"http:\/\/www.editiondaslabor.de\/blog\/wp-json\/wp\/v2\/tags?post=89507"}],"curies":[{"name":"wp","href":"https:\/\/api.w.org\/{rel}","templated":true}]}}