{"id":89119,"date":"2022-07-22T00:01:05","date_gmt":"2022-07-21T22:01:05","guid":{"rendered":"http:\/\/www.editiondaslabor.de\/blog\/?p=89119"},"modified":"2022-02-24T14:07:51","modified_gmt":"2022-02-24T13:07:51","slug":"die-groesste-erfindung-der-menschheit","status":"publish","type":"post","link":"http:\/\/www.editiondaslabor.de\/blog\/2022\/07\/22\/die-groesste-erfindung-der-menschheit\/","title":{"rendered":"Die gr\u00f6\u00dfte Erfindung der Menschheit"},"content":{"rendered":"<p style=\"text-align: right;\"><em><span style=\"color: #999999;\">Ohne Schrift w\u00e4ren wir nur Stimme, schwebten wir in st\u00e4ndiger Gegenwart.<\/span><\/em><\/p>\n<p style=\"text-align: right;\"><span style=\"color: #999999;\">Silvia Ferrara<\/span><\/p>\n<p style=\"text-align: justify;\">Dieser Autorin ist klar wovon sie redet. Vor allem wovon sie schreibt, Das Buch von Silvia Ferrara erz\u00e4hlt von der wahrscheinlich gr\u00f6\u00dften Erfindung der Welt. Ohne die Lettern w\u00e4ren der homo sapiens sapiens nur Stimme. Mindestens viermal in der Weltgeschichte wurde die Schrift neu erfunden: in \u00c4gypten, Mesopotamien, China und Mexiko (die Maya-Schrift). Ferrara verbindet Arch\u00e4ologie, Anthropologie und Neurowissenschaft, um die fr\u00fchesten Phasen der Entstehung von Schriftkulturen zu vergegenw\u00e4rtigen. Und sie schl\u00fcpft in die Rolle einer wissenschaftlichen Detektivin, um ihre gro\u00dfe Passion mit uns zu teilen: die Entschl\u00fcsselung bislang r\u00e4tselhafter Schriften wie der kretischen Hieroglyphen, der Zeichen auf dem Diskos von Phaistos oder der Rongorongo-Schrift von der Osterinsel.<\/p>\n<p style=\"text-align: right;\"><span style=\"color: #999999;\">Silvia Ferrara erkundet die DNA der Schrift<\/span><\/p>\n<p style=\"text-align: justify;\">Die Autorin erforscht an der Uni Bologna antike Schriftsysteme. Ihr Buch \u201eDie gro\u00dfe Erfindung&#8220; ist ein popul\u00e4rwissenschaftlicher Pageturner, geschrieben im Stil einer m\u00fcndlichen Erz\u00e4hlung; die Darstellung wirkt wie ein mitrei\u00dfender Gedankenstrom. Der gew\u00e4hlten Form entspricht aber auch Ferraras These, trotz ihrer Bedeutung stelle die Schrift keine biologische oder historische Notwendigkeit dar. Viele komplexe Gesellschaften besa\u00dfen keine Schrift, trotzdem wuchsen und bl\u00fchten sie. Neue Technologien k\u00f6nnten in Zukunft sogar zum Verschwinden der Schrift f\u00fchren. Schon jetzt findet die Kommunikation andere Wege, etwa die Emojis. In der Geschichte der Menschheit gleicht die Schrift wom\u00f6glich nur einer Sternschnuppe, sie hat jedoch die Welt dieser H\u00f6hlenmenschen erleuchtet.<\/p>\n<p>&nbsp;<\/p>\n<p>&nbsp;<\/p>\n<p style=\"text-align: center;\">***<\/p>\n<p style=\"text-align: justify;\"><strong>Die gro\u00dfe Erfindung<\/strong>, eine Geschichte der Welt in neun geheimnisvollen Schriften von Silvia Ferrara, C.H.Beck, 2021<\/p>\n<p style=\"text-align: justify;\"><strong><a href=\"http:\/\/www.editiondaslabor.de\/blog\/wp-content\/uploads\/2021\/07\/Schrift_Cover.jpg\"><img loading=\"lazy\" decoding=\"async\" class=\"alignleft wp-image-89120 size-medium\" src=\"http:\/\/www.editiondaslabor.de\/blog\/wp-content\/uploads\/2021\/07\/Schrift_Cover-195x300.jpg\" alt=\"\" width=\"195\" height=\"300\" srcset=\"http:\/\/www.editiondaslabor.de\/blog\/wp-content\/uploads\/2021\/07\/Schrift_Cover-195x300.jpg 195w, http:\/\/www.editiondaslabor.de\/blog\/wp-content\/uploads\/2021\/07\/Schrift_Cover-665x1024.jpg 665w, http:\/\/www.editiondaslabor.de\/blog\/wp-content\/uploads\/2021\/07\/Schrift_Cover-768x1183.jpg 768w, http:\/\/www.editiondaslabor.de\/blog\/wp-content\/uploads\/2021\/07\/Schrift_Cover-997x1536.jpg 997w, http:\/\/www.editiondaslabor.de\/blog\/wp-content\/uploads\/2021\/07\/Schrift_Cover-560x863.jpg 560w, http:\/\/www.editiondaslabor.de\/blog\/wp-content\/uploads\/2021\/07\/Schrift_Cover-260x400.jpg 260w, http:\/\/www.editiondaslabor.de\/blog\/wp-content\/uploads\/2021\/07\/Schrift_Cover-160x246.jpg 160w, http:\/\/www.editiondaslabor.de\/blog\/wp-content\/uploads\/2021\/07\/Schrift_Cover.jpg 1266w\" sizes=\"auto, (max-width: 195px) 100vw, 195px\" \/><\/a>Weiterf\u00fchrend\u00a0<\/strong><strong>\u2192<\/strong><strong>\u00a0<\/strong><\/p>\n<p style=\"text-align: justify;\">Zum Thema K\u00fcnstlerb\u00fccher finden Sie hier einen <a href=\"http:\/\/www.editiondaslabor.de\/blog\/?p=12840\">Essay<\/a> sowie ein <a href=\"http:\/\/www.editiondaslabor.de\/blog\/?p=834\">Artikel<\/a> von J.C. Albers. Vertiefend auch das <a href=\"http:\/\/www.editiondaslabor.de\/blog\/?p=21407\">Kollegengespr\u00e4ch<\/a> mit Haimo Hieronymus \u00fcber Material, Medium und Faszination des Werkstoffs Papier.<\/p>\n<p style=\"text-align: justify;\">K\u00fcnstlerb\u00fccher verstehen diese Artisten als Physiognomik, der B\u00fcchersammler wird somit zum Physiognomiker der Dingwelt. Die bibliophilen Kostbarkeiten sind erh\u00e4ltlich \u00fcber die Werkstattgalerie Der Bogen, Tel. 0173 7276421<\/p>\n","protected":false},"excerpt":{"rendered":"<p>Ohne Schrift w\u00e4ren wir nur Stimme, schwebten wir in st\u00e4ndiger Gegenwart. Silvia Ferrara Dieser Autorin ist klar wovon sie redet. Vor allem wovon sie schreibt, Das Buch von Silvia Ferrara erz\u00e4hlt von der wahrscheinlich gr\u00f6\u00dften Erfindung der Welt. Ohne die&hellip;<\/p>\n<p class=\"more-link-p\"><a class=\"more-link\" href=\"http:\/\/www.editiondaslabor.de\/blog\/2022\/07\/22\/die-groesste-erfindung-der-menschheit\/\">Read more &rarr;<\/a><\/p>\n","protected":false},"author":2,"featured_media":98688,"comment_status":"closed","ping_status":"closed","sticky":false,"template":"","format":"standard","meta":{"footnotes":""},"categories":[1],"tags":[3081],"class_list":["post-89119","post","type-post","status-publish","format-standard","has-post-thumbnail","hentry","category-literatur","tag-silvia-ferrara"],"_links":{"self":[{"href":"http:\/\/www.editiondaslabor.de\/blog\/wp-json\/wp\/v2\/posts\/89119","targetHints":{"allow":["GET"]}}],"collection":[{"href":"http:\/\/www.editiondaslabor.de\/blog\/wp-json\/wp\/v2\/posts"}],"about":[{"href":"http:\/\/www.editiondaslabor.de\/blog\/wp-json\/wp\/v2\/types\/post"}],"author":[{"embeddable":true,"href":"http:\/\/www.editiondaslabor.de\/blog\/wp-json\/wp\/v2\/users\/2"}],"replies":[{"embeddable":true,"href":"http:\/\/www.editiondaslabor.de\/blog\/wp-json\/wp\/v2\/comments?post=89119"}],"version-history":[{"count":1,"href":"http:\/\/www.editiondaslabor.de\/blog\/wp-json\/wp\/v2\/posts\/89119\/revisions"}],"predecessor-version":[{"id":100185,"href":"http:\/\/www.editiondaslabor.de\/blog\/wp-json\/wp\/v2\/posts\/89119\/revisions\/100185"}],"wp:featuredmedia":[{"embeddable":true,"href":"http:\/\/www.editiondaslabor.de\/blog\/wp-json\/wp\/v2\/media\/98688"}],"wp:attachment":[{"href":"http:\/\/www.editiondaslabor.de\/blog\/wp-json\/wp\/v2\/media?parent=89119"}],"wp:term":[{"taxonomy":"category","embeddable":true,"href":"http:\/\/www.editiondaslabor.de\/blog\/wp-json\/wp\/v2\/categories?post=89119"},{"taxonomy":"post_tag","embeddable":true,"href":"http:\/\/www.editiondaslabor.de\/blog\/wp-json\/wp\/v2\/tags?post=89119"}],"curies":[{"name":"wp","href":"https:\/\/api.w.org\/{rel}","templated":true}]}}