{"id":89096,"date":"2005-01-14T00:01:55","date_gmt":"2005-01-13T23:01:55","guid":{"rendered":"http:\/\/www.editiondaslabor.de\/blog\/?p=89096"},"modified":"2022-02-18T11:49:11","modified_gmt":"2022-02-18T10:49:11","slug":"ballade-des-aeusseren-lebens","status":"publish","type":"post","link":"http:\/\/www.editiondaslabor.de\/blog\/2005\/01\/14\/ballade-des-aeusseren-lebens\/","title":{"rendered":"Ballade des \u00e4u\u00dferen Lebens"},"content":{"rendered":"<p>&nbsp;<\/p>\n<p>Und Kinder wachsen auf mit tiefen Augen,<\/p>\n<p>Die von nichts wissen, wachsen auf und sterben,<\/p>\n<p>Und alle Menschen gehen ihre Wege.<\/p>\n<p>&nbsp;<\/p>\n<p>Und s\u00fc\u00dfe Fr\u00fcchte werden aus den herben<\/p>\n<p>Und fallen nachts wie tote V\u00f6gel nieder<\/p>\n<p>Und liegen wenig Tage und verderben.<\/p>\n<p>&nbsp;<\/p>\n<p>Und immer weht der Wind, und immer wieder<\/p>\n<p>Vernehmen wir und reden viele Worte<\/p>\n<p>Und sp\u00fcren Lust und M\u00fcdigkeit der Glieder.<\/p>\n<p>Und Stra\u00dfen laufen durch das Gras, und Orte<\/p>\n<p>Sind da und dort, voll Fackeln, B\u00e4umen, Teichen,<\/p>\n<p>Und drohende, und totenhaft verdorrte \u2026<\/p>\n<p>&nbsp;<\/p>\n<p>Wozu sind diese aufgebaut? und gleichen<\/p>\n<p>Einander nie? und sind unz\u00e4hlig viele?<\/p>\n<p>Was wechselt Lachen, Weinen und Erbleichen?<\/p>\n<p>&nbsp;<\/p>\n<p>Was frommt das alles uns und diese Spiele,<\/p>\n<p>Die wir doch gro\u00df und ewig einsam sind<\/p>\n<p>Und wandernd nimmer suchen irgend Ziele?<\/p>\n<p>&nbsp;<\/p>\n<p>Was frommts, dergleichen viel gesehen haben?<\/p>\n<p>Und dennoch sagt der viel, der \u00bbAbend\u00ab\u00a0sagt,<\/p>\n<p>Ein Wort, daraus Tiefsinn und Trauer rinnt<\/p>\n<p>&nbsp;<\/p>\n<p>Wie schwerer Honig aus den hohlen Waben.<\/p>\n<p>&nbsp;<\/p>\n<p>&nbsp;<\/p>\n<p>&nbsp;<\/p>\n<p style=\"text-align: justify;\"><strong><a href=\"http:\/\/www.editiondaslabor.de\/blog\/wp-content\/uploads\/2015\/07\/Gedichte_Hugo_von_Hofmannsthal.jpg\"><img loading=\"lazy\" decoding=\"async\" class=\"size-medium wp-image-88883 alignleft\" src=\"http:\/\/www.editiondaslabor.de\/blog\/wp-content\/uploads\/2015\/07\/Gedichte_Hugo_von_Hofmannsthal-152x300.jpg\" alt=\"\" width=\"152\" height=\"300\" srcset=\"http:\/\/www.editiondaslabor.de\/blog\/wp-content\/uploads\/2015\/07\/Gedichte_Hugo_von_Hofmannsthal-152x300.jpg 152w, http:\/\/www.editiondaslabor.de\/blog\/wp-content\/uploads\/2015\/07\/Gedichte_Hugo_von_Hofmannsthal-260x514.jpg 260w, http:\/\/www.editiondaslabor.de\/blog\/wp-content\/uploads\/2015\/07\/Gedichte_Hugo_von_Hofmannsthal-160x316.jpg 160w, http:\/\/www.editiondaslabor.de\/blog\/wp-content\/uploads\/2015\/07\/Gedichte_Hugo_von_Hofmannsthal.jpg 348w\" sizes=\"auto, (max-width: 152px) 100vw, 152px\" \/><\/a>Weiterf\u00fchrend <\/strong><strong>\u2192<\/strong><\/p>\n<p style=\"text-align: justify;\">Im Alter von achtundzwanzig Jahren verschafft sich Hofmannsthal mit dem <a href=\"http:\/\/www.editiondaslabor.de\/blog\/2009\/05\/19\/13384\/\"><i>Brief des Lord Chandos<\/i><\/a> ein Ventil, seinem Zweifel an der Sprache Raum zu verschaffen. Der Sprache traut er jedenfalls nicht l\u00e4nger zu, den Zusammenhang von Ich und Welt herstellen zu k\u00f6nnen.<\/p>\n<p style=\"text-align: justify;\">Hugo von Hofmannsthal \u00fcber <a href=\"http:\/\/www.editiondaslabor.de\/blog\/2005\/02\/01\/ueber-gedichte\/\">Gedichte<\/a>.<\/p>\n<p style=\"text-align: justify;\"><strong>\u2192<\/strong>\u00a0Poesie z\u00e4hlt f\u00fcr KUNO weiterhin zu den identit\u00e4ts- und identifikationstiftenden Elementen einer Kultur, dies bezeugte auch der Versuch einer <a href=\"http:\/\/www.editiondaslabor.de\/blog\/?p=25630\">poetologischen Positionsbestimmung<\/a>.<\/p>\n","protected":false},"excerpt":{"rendered":"<p>&nbsp; Und Kinder wachsen auf mit tiefen Augen, Die von nichts wissen, wachsen auf und sterben, Und alle Menschen gehen ihre Wege. &nbsp; Und s\u00fc\u00dfe Fr\u00fcchte werden aus den herben Und fallen nachts wie tote V\u00f6gel nieder Und liegen wenig&hellip;<\/p>\n<p class=\"more-link-p\"><a class=\"more-link\" href=\"http:\/\/www.editiondaslabor.de\/blog\/2005\/01\/14\/ballade-des-aeusseren-lebens\/\">Read more &rarr;<\/a><\/p>\n","protected":false},"author":80,"featured_media":98219,"comment_status":"closed","ping_status":"closed","sticky":false,"template":"","format":"standard","meta":{"footnotes":""},"categories":[1],"tags":[1094],"class_list":["post-89096","post","type-post","status-publish","format-standard","has-post-thumbnail","hentry","category-literatur","tag-hugo-von-hofmannsthal"],"_links":{"self":[{"href":"http:\/\/www.editiondaslabor.de\/blog\/wp-json\/wp\/v2\/posts\/89096","targetHints":{"allow":["GET"]}}],"collection":[{"href":"http:\/\/www.editiondaslabor.de\/blog\/wp-json\/wp\/v2\/posts"}],"about":[{"href":"http:\/\/www.editiondaslabor.de\/blog\/wp-json\/wp\/v2\/types\/post"}],"author":[{"embeddable":true,"href":"http:\/\/www.editiondaslabor.de\/blog\/wp-json\/wp\/v2\/users\/80"}],"replies":[{"embeddable":true,"href":"http:\/\/www.editiondaslabor.de\/blog\/wp-json\/wp\/v2\/comments?post=89096"}],"version-history":[{"count":1,"href":"http:\/\/www.editiondaslabor.de\/blog\/wp-json\/wp\/v2\/posts\/89096\/revisions"}],"predecessor-version":[{"id":98245,"href":"http:\/\/www.editiondaslabor.de\/blog\/wp-json\/wp\/v2\/posts\/89096\/revisions\/98245"}],"wp:featuredmedia":[{"embeddable":true,"href":"http:\/\/www.editiondaslabor.de\/blog\/wp-json\/wp\/v2\/media\/98219"}],"wp:attachment":[{"href":"http:\/\/www.editiondaslabor.de\/blog\/wp-json\/wp\/v2\/media?parent=89096"}],"wp:term":[{"taxonomy":"category","embeddable":true,"href":"http:\/\/www.editiondaslabor.de\/blog\/wp-json\/wp\/v2\/categories?post=89096"},{"taxonomy":"post_tag","embeddable":true,"href":"http:\/\/www.editiondaslabor.de\/blog\/wp-json\/wp\/v2\/tags?post=89096"}],"curies":[{"name":"wp","href":"https:\/\/api.w.org\/{rel}","templated":true}]}}