{"id":89092,"date":"2005-07-11T00:01:20","date_gmt":"2005-07-10T22:01:20","guid":{"rendered":"http:\/\/www.editiondaslabor.de\/blog\/?p=89092"},"modified":"2022-02-18T11:47:13","modified_gmt":"2022-02-18T10:47:13","slug":"reiselied","status":"publish","type":"post","link":"http:\/\/www.editiondaslabor.de\/blog\/2005\/07\/11\/reiselied\/","title":{"rendered":"REISELIED"},"content":{"rendered":"<p>&nbsp;<\/p>\n<p>Wasser st\u00fcrzt, uns zu verschlingen,<\/p>\n<p>Rollt der Fels, uns zu erschlagen,<\/p>\n<p>Kommen schon auf starken Schwingen<\/p>\n<p>V\u00f6gel her, uns fortzutragen.<\/p>\n<p>&nbsp;<\/p>\n<p>Aber unten liegt ein Land,<\/p>\n<p>Fr\u00fcchte spiegelnd ohne Ende<\/p>\n<p>In den alterslosen Seen.<\/p>\n<p>&nbsp;<\/p>\n<p>Marmorstirn und Brunnenrand<\/p>\n<p>Steigt aus blumigem Gel\u00e4nde,<\/p>\n<p>Und die leichten Winde wehn.<\/p>\n<p>&nbsp;<\/p>\n<p>&nbsp;<\/p>\n<p>&nbsp;<\/p>\n<p>&nbsp;<\/p>\n<p style=\"text-align: justify;\"><strong><a href=\"http:\/\/www.editiondaslabor.de\/blog\/wp-content\/uploads\/2015\/07\/Gedichte_Hugo_von_Hofmannsthal.jpg\"><img loading=\"lazy\" decoding=\"async\" class=\"size-medium wp-image-88883 alignleft\" src=\"http:\/\/www.editiondaslabor.de\/blog\/wp-content\/uploads\/2015\/07\/Gedichte_Hugo_von_Hofmannsthal-152x300.jpg\" alt=\"\" width=\"152\" height=\"300\" srcset=\"http:\/\/www.editiondaslabor.de\/blog\/wp-content\/uploads\/2015\/07\/Gedichte_Hugo_von_Hofmannsthal-152x300.jpg 152w, http:\/\/www.editiondaslabor.de\/blog\/wp-content\/uploads\/2015\/07\/Gedichte_Hugo_von_Hofmannsthal-260x514.jpg 260w, http:\/\/www.editiondaslabor.de\/blog\/wp-content\/uploads\/2015\/07\/Gedichte_Hugo_von_Hofmannsthal-160x316.jpg 160w, http:\/\/www.editiondaslabor.de\/blog\/wp-content\/uploads\/2015\/07\/Gedichte_Hugo_von_Hofmannsthal.jpg 348w\" sizes=\"auto, (max-width: 152px) 100vw, 152px\" \/><\/a>Weiterf\u00fchrend <\/strong><strong>\u2192<\/strong><\/p>\n<p style=\"text-align: justify;\">Im Alter von achtundzwanzig Jahren verschafft sich Hofmannsthal mit dem <a href=\"http:\/\/www.editiondaslabor.de\/blog\/2009\/05\/19\/13384\/\"><i>Brief des Lord Chandos<\/i><\/a> ein Ventil, seinem Zweifel an der Sprache Raum zu verschaffen. Der Sprache traut er jedenfalls nicht l\u00e4nger zu, den Zusammenhang von Ich und Welt herstellen zu k\u00f6nnen.<\/p>\n<p style=\"text-align: justify;\">Hugo von Hofmannsthal \u00fcber <a href=\"http:\/\/www.editiondaslabor.de\/blog\/2005\/02\/01\/ueber-gedichte\/\">Gedichte<\/a>.<\/p>\n<p style=\"text-align: justify;\"><strong>\u2192<\/strong>\u00a0Poesie z\u00e4hlt f\u00fcr KUNO weiterhin zu den identit\u00e4ts- und identifikationstiftenden Elementen einer Kultur, dies bezeugte auch der Versuch einer <a href=\"http:\/\/www.editiondaslabor.de\/blog\/?p=25630\">poetologischen Positionsbestimmung<\/a>.<\/p>\n","protected":false},"excerpt":{"rendered":"<p>&nbsp; Wasser st\u00fcrzt, uns zu verschlingen, Rollt der Fels, uns zu erschlagen, Kommen schon auf starken Schwingen V\u00f6gel her, uns fortzutragen. &nbsp; Aber unten liegt ein Land, Fr\u00fcchte spiegelnd ohne Ende In den alterslosen Seen. &nbsp; Marmorstirn und Brunnenrand Steigt&hellip;<\/p>\n<p class=\"more-link-p\"><a class=\"more-link\" href=\"http:\/\/www.editiondaslabor.de\/blog\/2005\/07\/11\/reiselied\/\">Read more &rarr;<\/a><\/p>\n","protected":false},"author":80,"featured_media":98219,"comment_status":"closed","ping_status":"closed","sticky":false,"template":"","format":"standard","meta":{"footnotes":""},"categories":[1],"tags":[1094],"class_list":["post-89092","post","type-post","status-publish","format-standard","has-post-thumbnail","hentry","category-literatur","tag-hugo-von-hofmannsthal"],"_links":{"self":[{"href":"http:\/\/www.editiondaslabor.de\/blog\/wp-json\/wp\/v2\/posts\/89092","targetHints":{"allow":["GET"]}}],"collection":[{"href":"http:\/\/www.editiondaslabor.de\/blog\/wp-json\/wp\/v2\/posts"}],"about":[{"href":"http:\/\/www.editiondaslabor.de\/blog\/wp-json\/wp\/v2\/types\/post"}],"author":[{"embeddable":true,"href":"http:\/\/www.editiondaslabor.de\/blog\/wp-json\/wp\/v2\/users\/80"}],"replies":[{"embeddable":true,"href":"http:\/\/www.editiondaslabor.de\/blog\/wp-json\/wp\/v2\/comments?post=89092"}],"version-history":[{"count":1,"href":"http:\/\/www.editiondaslabor.de\/blog\/wp-json\/wp\/v2\/posts\/89092\/revisions"}],"predecessor-version":[{"id":98243,"href":"http:\/\/www.editiondaslabor.de\/blog\/wp-json\/wp\/v2\/posts\/89092\/revisions\/98243"}],"wp:featuredmedia":[{"embeddable":true,"href":"http:\/\/www.editiondaslabor.de\/blog\/wp-json\/wp\/v2\/media\/98219"}],"wp:attachment":[{"href":"http:\/\/www.editiondaslabor.de\/blog\/wp-json\/wp\/v2\/media?parent=89092"}],"wp:term":[{"taxonomy":"category","embeddable":true,"href":"http:\/\/www.editiondaslabor.de\/blog\/wp-json\/wp\/v2\/categories?post=89092"},{"taxonomy":"post_tag","embeddable":true,"href":"http:\/\/www.editiondaslabor.de\/blog\/wp-json\/wp\/v2\/tags?post=89092"}],"curies":[{"name":"wp","href":"https:\/\/api.w.org\/{rel}","templated":true}]}}