{"id":89090,"date":"2006-07-15T00:01:36","date_gmt":"2006-07-14T22:01:36","guid":{"rendered":"http:\/\/www.editiondaslabor.de\/blog\/?p=89090"},"modified":"2022-02-18T11:43:19","modified_gmt":"2022-02-18T10:43:19","slug":"korrekt","status":"publish","type":"post","link":"http:\/\/www.editiondaslabor.de\/blog\/2006\/07\/15\/korrekt\/","title":{"rendered":"Korrekt"},"content":{"rendered":"<p>&nbsp;<\/p>\n<p style=\"text-align: justify;\">Deutsch kann man nicht korrekt schreiben, man\u00a0schreibt individuell oder man schreibt schon schlecht.<\/p>\n<p>&nbsp;<\/p>\n<p>&nbsp;<\/p>\n<p>&nbsp;<\/p>\n<div id=\"attachment_18516\" style=\"width: 194px\" class=\"wp-caption alignleft\"><a href=\"http:\/\/www.editiondaslabor.de\/blog\/wp-content\/uploads\/2014\/01\/220px-Nicola_Perscheid_-_Hugo_von_Hofmannsthal_1910-184x300.jpg\"><img loading=\"lazy\" decoding=\"async\" aria-describedby=\"caption-attachment-18516\" class=\"size-full wp-image-18516\" src=\"http:\/\/www.editiondaslabor.de\/blog\/wp-content\/uploads\/2014\/01\/220px-Nicola_Perscheid_-_Hugo_von_Hofmannsthal_1910-184x300.jpg\" alt=\"\" width=\"184\" height=\"300\" \/><\/a><p id=\"caption-attachment-18516\" class=\"wp-caption-text\">Hugo von Hofmannsthal 1910 auf einer Fotografie von Nicola Perscheid<\/p><\/div>\n<p style=\"text-align: justify;\"><strong>Weiterf\u00fchrend <\/strong><strong>\u2192<\/strong><\/p>\n<p style=\"text-align: justify;\"><strong>\u2192<\/strong>\u00a0Ein Essay \u00fcber die neue Literaturgattung <a href=\"http:\/\/www.editiondaslabor.de\/blog\/?p=22423\"><em>Twitteratur<\/em><\/a>,<\/p>\n<p style=\"text-align: justify;\"><strong>\u2192<\/strong>\u00a0Hugo von Hofmannsthal \u00fcber <a href=\"http:\/\/www.editiondaslabor.de\/blog\/2005\/02\/01\/ueber-gedichte\/\">Gedichte<\/a>.<\/p>\n<p style=\"text-align: justify;\"><strong>\u2192<\/strong>\u00a0Poesie z\u00e4hlt f\u00fcr KUNO weiterhin zu den identit\u00e4ts- und identifikationstiftenden Elementen einer Kultur, dies bezeugte auch der Versuch einer <a href=\"http:\/\/www.editiondaslabor.de\/blog\/?p=25630\">poetologischen Positionsbestimmung<\/a>.<\/p>\n","protected":false},"excerpt":{"rendered":"<p>&nbsp; Deutsch kann man nicht korrekt schreiben, man\u00a0schreibt individuell oder man schreibt schon schlecht. &nbsp; &nbsp; &nbsp; Weiterf\u00fchrend \u2192 \u2192\u00a0Ein Essay \u00fcber die neue Literaturgattung Twitteratur, \u2192\u00a0Hugo von Hofmannsthal \u00fcber Gedichte. \u2192\u00a0Poesie z\u00e4hlt f\u00fcr KUNO weiterhin zu den identit\u00e4ts- und&hellip;<\/p>\n<p class=\"more-link-p\"><a class=\"more-link\" href=\"http:\/\/www.editiondaslabor.de\/blog\/2006\/07\/15\/korrekt\/\">Read more &rarr;<\/a><\/p>\n","protected":false},"author":80,"featured_media":98219,"comment_status":"closed","ping_status":"closed","sticky":false,"template":"","format":"standard","meta":{"footnotes":""},"categories":[1],"tags":[1094],"class_list":["post-89090","post","type-post","status-publish","format-standard","has-post-thumbnail","hentry","category-literatur","tag-hugo-von-hofmannsthal"],"_links":{"self":[{"href":"http:\/\/www.editiondaslabor.de\/blog\/wp-json\/wp\/v2\/posts\/89090","targetHints":{"allow":["GET"]}}],"collection":[{"href":"http:\/\/www.editiondaslabor.de\/blog\/wp-json\/wp\/v2\/posts"}],"about":[{"href":"http:\/\/www.editiondaslabor.de\/blog\/wp-json\/wp\/v2\/types\/post"}],"author":[{"embeddable":true,"href":"http:\/\/www.editiondaslabor.de\/blog\/wp-json\/wp\/v2\/users\/80"}],"replies":[{"embeddable":true,"href":"http:\/\/www.editiondaslabor.de\/blog\/wp-json\/wp\/v2\/comments?post=89090"}],"version-history":[{"count":1,"href":"http:\/\/www.editiondaslabor.de\/blog\/wp-json\/wp\/v2\/posts\/89090\/revisions"}],"predecessor-version":[{"id":98237,"href":"http:\/\/www.editiondaslabor.de\/blog\/wp-json\/wp\/v2\/posts\/89090\/revisions\/98237"}],"wp:featuredmedia":[{"embeddable":true,"href":"http:\/\/www.editiondaslabor.de\/blog\/wp-json\/wp\/v2\/media\/98219"}],"wp:attachment":[{"href":"http:\/\/www.editiondaslabor.de\/blog\/wp-json\/wp\/v2\/media?parent=89090"}],"wp:term":[{"taxonomy":"category","embeddable":true,"href":"http:\/\/www.editiondaslabor.de\/blog\/wp-json\/wp\/v2\/categories?post=89090"},{"taxonomy":"post_tag","embeddable":true,"href":"http:\/\/www.editiondaslabor.de\/blog\/wp-json\/wp\/v2\/tags?post=89090"}],"curies":[{"name":"wp","href":"https:\/\/api.w.org\/{rel}","templated":true}]}}