{"id":89022,"date":"1995-03-21T00:01:52","date_gmt":"1995-03-20T23:01:52","guid":{"rendered":"http:\/\/www.editiondaslabor.de\/blog\/?p=89022"},"modified":"2022-02-18T11:52:15","modified_gmt":"2022-02-18T10:52:15","slug":"vorfruehling-2","status":"publish","type":"post","link":"http:\/\/www.editiondaslabor.de\/blog\/1995\/03\/21\/vorfruehling-2\/","title":{"rendered":"VORFR\u00dcHLING"},"content":{"rendered":"<p>&nbsp;<\/p>\n<p>Es l\u00e4uft der Fr\u00fchlingswind<\/p>\n<p>Durch kahle Alleen,<\/p>\n<p>Seltsame Dinge sind<\/p>\n<p>In seinem Wehn.<\/p>\n<p>&nbsp;<\/p>\n<p>Er hat sich gewiegt,<\/p>\n<p>Wo Weinen war,<\/p>\n<p>Und hat sich geschmiegt<\/p>\n<p>In zerr\u00fcttetes Haar.<\/p>\n<p>Er sch\u00fcttelte nieder<\/p>\n<p>Akazienbl\u00fcten<\/p>\n<p>Und k\u00fchlte die Glieder,<\/p>\n<p>Die atmend gl\u00fchten.<\/p>\n<p>Lippen im Lachen<\/p>\n<p>Hat er ber\u00fchrt,<\/p>\n<p>Die weichen und wachen<\/p>\n<p>Fluren durchsp\u00fcrt.<\/p>\n<p>Er glitt durch die Fl\u00f6te<\/p>\n<p>Als schluchzender Schrei,<\/p>\n<p>An d\u00e4mmernder R\u00f6te<\/p>\n<p>Flog er vorbei.<\/p>\n<p>Er flog mit Schweigen<\/p>\n<p>Durch fl\u00fcsternde Zimmer<\/p>\n<p>Und l\u00f6schte im Neigen<\/p>\n<p>Der Ampel Schimmer.<\/p>\n<p>Es l\u00e4uft der Fr\u00fchlingswind<\/p>\n<p>Durch kahle Alleen,<\/p>\n<p>Seltsame Dinge sind<\/p>\n<p>In seinem Wehn.<\/p>\n<p>Durch die glatten<\/p>\n<p>Kahlen Alleen<\/p>\n<p>Treibt sein Wehn<\/p>\n<p>Blasse Schatten.<\/p>\n<p>&nbsp;<\/p>\n<p>Und den Duft,<\/p>\n<p>Den er gebracht,<\/p>\n<p>Von wo er gekommen<\/p>\n<p>Seit gestern nacht.<\/p>\n<p>&nbsp;<\/p>\n<p>&nbsp;<\/p>\n<p>&nbsp;<\/p>\n<p style=\"text-align: justify;\"><strong><a href=\"http:\/\/www.editiondaslabor.de\/blog\/wp-content\/uploads\/2015\/07\/Gedichte_Hugo_von_Hofmannsthal.jpg\"><img loading=\"lazy\" decoding=\"async\" class=\"size-medium wp-image-88883 alignleft\" src=\"http:\/\/www.editiondaslabor.de\/blog\/wp-content\/uploads\/2015\/07\/Gedichte_Hugo_von_Hofmannsthal-152x300.jpg\" alt=\"\" width=\"152\" height=\"300\" srcset=\"http:\/\/www.editiondaslabor.de\/blog\/wp-content\/uploads\/2015\/07\/Gedichte_Hugo_von_Hofmannsthal-152x300.jpg 152w, http:\/\/www.editiondaslabor.de\/blog\/wp-content\/uploads\/2015\/07\/Gedichte_Hugo_von_Hofmannsthal-260x514.jpg 260w, http:\/\/www.editiondaslabor.de\/blog\/wp-content\/uploads\/2015\/07\/Gedichte_Hugo_von_Hofmannsthal-160x316.jpg 160w, http:\/\/www.editiondaslabor.de\/blog\/wp-content\/uploads\/2015\/07\/Gedichte_Hugo_von_Hofmannsthal.jpg 348w\" sizes=\"auto, (max-width: 152px) 100vw, 152px\" \/><\/a>Weiterf\u00fchrend <\/strong><strong>\u2192<\/strong><\/p>\n<p style=\"text-align: justify;\">Im Alter von achtundzwanzig Jahren verschafft sich Hofmannsthal mit dem <a href=\"http:\/\/www.editiondaslabor.de\/blog\/2009\/05\/19\/13384\/\"><i>Brief des Lord Chandos<\/i><\/a> ein Ventil, seinem Zweifel an der Sprache Raum zu verschaffen. Der Sprache traut er jedenfalls nicht l\u00e4nger zu, den Zusammenhang von Ich und Welt herstellen zu k\u00f6nnen.<\/p>\n<p style=\"text-align: justify;\">Hugo von Hofmannsthal \u00fcber <a href=\"http:\/\/www.editiondaslabor.de\/blog\/2005\/02\/01\/ueber-gedichte\/\">Gedichte<\/a>.<\/p>\n<p style=\"text-align: justify;\"><strong>\u2192<\/strong>\u00a0Poesie z\u00e4hlt f\u00fcr KUNO weiterhin zu den identit\u00e4ts- und identifikationstiftenden Elementen einer Kultur, dies bezeugte auch der Versuch einer <a href=\"http:\/\/www.editiondaslabor.de\/blog\/?p=25630\">poetologischen Positionsbestimmung<\/a>.<\/p>\n","protected":false},"excerpt":{"rendered":"<p>&nbsp; Es l\u00e4uft der Fr\u00fchlingswind Durch kahle Alleen, Seltsame Dinge sind In seinem Wehn. &nbsp; Er hat sich gewiegt, Wo Weinen war, Und hat sich geschmiegt In zerr\u00fcttetes Haar. Er sch\u00fcttelte nieder Akazienbl\u00fcten Und k\u00fchlte die Glieder, Die atmend gl\u00fchten.&hellip;<\/p>\n<p class=\"more-link-p\"><a class=\"more-link\" href=\"http:\/\/www.editiondaslabor.de\/blog\/1995\/03\/21\/vorfruehling-2\/\">Read more &rarr;<\/a><\/p>\n","protected":false},"author":80,"featured_media":98219,"comment_status":"closed","ping_status":"closed","sticky":false,"template":"","format":"standard","meta":{"footnotes":""},"categories":[1],"tags":[1094],"class_list":["post-89022","post","type-post","status-publish","format-standard","has-post-thumbnail","hentry","category-literatur","tag-hugo-von-hofmannsthal"],"_links":{"self":[{"href":"http:\/\/www.editiondaslabor.de\/blog\/wp-json\/wp\/v2\/posts\/89022","targetHints":{"allow":["GET"]}}],"collection":[{"href":"http:\/\/www.editiondaslabor.de\/blog\/wp-json\/wp\/v2\/posts"}],"about":[{"href":"http:\/\/www.editiondaslabor.de\/blog\/wp-json\/wp\/v2\/types\/post"}],"author":[{"embeddable":true,"href":"http:\/\/www.editiondaslabor.de\/blog\/wp-json\/wp\/v2\/users\/80"}],"replies":[{"embeddable":true,"href":"http:\/\/www.editiondaslabor.de\/blog\/wp-json\/wp\/v2\/comments?post=89022"}],"version-history":[{"count":1,"href":"http:\/\/www.editiondaslabor.de\/blog\/wp-json\/wp\/v2\/posts\/89022\/revisions"}],"predecessor-version":[{"id":98249,"href":"http:\/\/www.editiondaslabor.de\/blog\/wp-json\/wp\/v2\/posts\/89022\/revisions\/98249"}],"wp:featuredmedia":[{"embeddable":true,"href":"http:\/\/www.editiondaslabor.de\/blog\/wp-json\/wp\/v2\/media\/98219"}],"wp:attachment":[{"href":"http:\/\/www.editiondaslabor.de\/blog\/wp-json\/wp\/v2\/media?parent=89022"}],"wp:term":[{"taxonomy":"category","embeddable":true,"href":"http:\/\/www.editiondaslabor.de\/blog\/wp-json\/wp\/v2\/categories?post=89022"},{"taxonomy":"post_tag","embeddable":true,"href":"http:\/\/www.editiondaslabor.de\/blog\/wp-json\/wp\/v2\/tags?post=89022"}],"curies":[{"name":"wp","href":"https:\/\/api.w.org\/{rel}","templated":true}]}}