{"id":88635,"date":"2018-07-12T00:01:19","date_gmt":"2018-07-11T22:01:19","guid":{"rendered":"http:\/\/www.editiondaslabor.de\/blog\/?p=88635"},"modified":"2021-07-13T09:05:15","modified_gmt":"2021-07-13T07:05:15","slug":"die-zeit-der-wunder-kehrt-immer-wieder","status":"publish","type":"post","link":"http:\/\/www.editiondaslabor.de\/blog\/2018\/07\/12\/die-zeit-der-wunder-kehrt-immer-wieder\/","title":{"rendered":"Die Zeit der Wunder kehrt immer wieder"},"content":{"rendered":"<p>&nbsp;<\/p>\n<p style=\"text-align: justify\">Es gen\u00fcgt, das unscheinbarste Ereignis, das bestbekannte Ph\u00e4nomen um eines Haares Breite abseits von dem altgewohnten Standpunkt zu betrachten, und sogleich wird uns seine Sch\u00f6nheit \u00fcberstr\u00f6men und entz\u00fccken. Nur was wir gegriffen und abgen\u00fctzt haben, ist trivial: unser Schorf, unsere Wiederholungen, Traditionen und Gleichf\u00f6rmigkeiten. Die Zeit der Wunder kehrt immer wieder; jetzt sind&#8217;s wilde \u00c4pfel, jetzt Spiegelungen im Flu\u00df und jetzt ein Flug kleiner Leinfinken. Sch\u00f6nheit und Musik sind nicht Besonderheiten <a id=\"page90\" title=\"joe_ebc\/Konmax\" name=\"page90\"><\/a>und Ausnahmen, sondern die Regel und der innewohnende Charakter.<\/p>\n<p>&nbsp;<\/p>\n<p>&nbsp;<\/p>\n<p style=\"text-align: center\">***<\/p>\n<p style=\"text-align: justify\"><strong><a href=\"http:\/\/www.editiondaslabor.de\/blog\/wp-content\/uploads\/2013\/04\/220px-1854_Walden_byThoreau.jpg\"><img loading=\"lazy\" decoding=\"async\" class=\"alignleft size-full wp-image-14940\" src=\"http:\/\/www.editiondaslabor.de\/blog\/wp-content\/uploads\/2013\/04\/220px-1854_Walden_byThoreau.jpg\" alt=\"\" width=\"220\" height=\"378\" srcset=\"http:\/\/www.editiondaslabor.de\/blog\/wp-content\/uploads\/2013\/04\/220px-1854_Walden_byThoreau.jpg 220w, http:\/\/www.editiondaslabor.de\/blog\/wp-content\/uploads\/2013\/04\/220px-1854_Walden_byThoreau-174x300.jpg 174w\" sizes=\"auto, (max-width: 220px) 100vw, 220px\" \/><\/a><\/strong>Henry David Thoreau gilt als Schriftsteller auch in formaler Hinsicht als eine der markantesten Gestalten der klassischen amerikanischen Literatur. Eine Einf\u00fchrung in Leben und Werk von Gerhard Gutherz findet sich <a href=\"http:\/\/www.editiondaslabor.de\/blog\/1989\/05\/06\/nachdenken-ueber-einen-einsiedler\/\">hier<\/a>. Als sorgf\u00e4ltig feilender Stilist, als hervorragender Sprachk\u00fcnstler hat er durch die f\u00fcr ihn charakteristische Essayform auf Generationen von Schriftstellern anregend gewirkt. Wir begreifen die Gattung des Essays auf KUNO als eine <a href=\"http:\/\/www.editiondaslabor.de\/blog\/2013\/12\/10\/zur-gattung-essay\/\">Versuchsanordnung<\/a>, undogmatisch, subjektiv, experimentell, ergebnisoffen.<\/p>\n<p style=\"text-align: justify\"><strong>Weiterf\u00fchrend\u00a0\u2192 <\/strong>ein Essay \u00fcber die neue Literaturgattung <a href=\"http:\/\/www.editiondaslabor.de\/blog\/?p=22423\"><em>Twitteratur<\/em><\/a>.<\/p>\n","protected":false},"excerpt":{"rendered":"<p>&nbsp; Es gen\u00fcgt, das unscheinbarste Ereignis, das bestbekannte Ph\u00e4nomen um eines Haares Breite abseits von dem altgewohnten Standpunkt zu betrachten, und sogleich wird uns seine Sch\u00f6nheit \u00fcberstr\u00f6men und entz\u00fccken. Nur was wir gegriffen und abgen\u00fctzt haben, ist trivial: unser Schorf,&hellip;<\/p>\n<p class=\"more-link-p\"><a class=\"more-link\" href=\"http:\/\/www.editiondaslabor.de\/blog\/2018\/07\/12\/die-zeit-der-wunder-kehrt-immer-wieder\/\">Read more &rarr;<\/a><\/p>\n","protected":false},"author":217,"featured_media":14940,"comment_status":"closed","ping_status":"closed","sticky":false,"template":"","format":"standard","meta":{"footnotes":""},"categories":[1],"tags":[1207],"class_list":["post-88635","post","type-post","status-publish","format-standard","has-post-thumbnail","hentry","category-literatur","tag-henry-david-thoreau"],"_links":{"self":[{"href":"http:\/\/www.editiondaslabor.de\/blog\/wp-json\/wp\/v2\/posts\/88635","targetHints":{"allow":["GET"]}}],"collection":[{"href":"http:\/\/www.editiondaslabor.de\/blog\/wp-json\/wp\/v2\/posts"}],"about":[{"href":"http:\/\/www.editiondaslabor.de\/blog\/wp-json\/wp\/v2\/types\/post"}],"author":[{"embeddable":true,"href":"http:\/\/www.editiondaslabor.de\/blog\/wp-json\/wp\/v2\/users\/217"}],"replies":[{"embeddable":true,"href":"http:\/\/www.editiondaslabor.de\/blog\/wp-json\/wp\/v2\/comments?post=88635"}],"version-history":[{"count":0,"href":"http:\/\/www.editiondaslabor.de\/blog\/wp-json\/wp\/v2\/posts\/88635\/revisions"}],"wp:featuredmedia":[{"embeddable":true,"href":"http:\/\/www.editiondaslabor.de\/blog\/wp-json\/"}],"wp:attachment":[{"href":"http:\/\/www.editiondaslabor.de\/blog\/wp-json\/wp\/v2\/media?parent=88635"}],"wp:term":[{"taxonomy":"category","embeddable":true,"href":"http:\/\/www.editiondaslabor.de\/blog\/wp-json\/wp\/v2\/categories?post=88635"},{"taxonomy":"post_tag","embeddable":true,"href":"http:\/\/www.editiondaslabor.de\/blog\/wp-json\/wp\/v2\/tags?post=88635"}],"curies":[{"name":"wp","href":"https:\/\/api.w.org\/{rel}","templated":true}]}}