{"id":88629,"date":"1990-05-06T00:01:25","date_gmt":"1990-05-05T22:01:25","guid":{"rendered":"http:\/\/www.editiondaslabor.de\/blog\/?p=88629"},"modified":"2021-07-14T14:52:06","modified_gmt":"2021-07-14T12:52:06","slug":"regenbogen","status":"publish","type":"post","link":"http:\/\/www.editiondaslabor.de\/blog\/1990\/05\/06\/regenbogen\/","title":{"rendered":"Regenbogen"},"content":{"rendered":"<p>&nbsp;<\/p>\n<p style=\"text-align: justify;\">Ich glaube, der Gelehrte (und mit ihm die Mehrzahl der Menschen) irrt mit der Annahme, da\u00df wir einem eindrucksvollen Naturphaenomen unsere Aufmerksamkeit in der Art zuwenden, als w\u00e4re es etwas von uns ganz Unabh\u00e4ngiges, und nicht so, wie es mit uns in Beziehung steht. Die Hauptsache ist gerade, wie es auf mich wirkt. Der Gelehrte meint, ich habe an einem Regenbogen nichts anderes zu sehen, als was mir seine Definition dar\u00fcber gibt. Mir ist es aber ganz gleichgiltig, ob die Erscheinung, die ich sehe, ein wacher Gedanke ist oder die Erinnerung <a id=\"page88\" title=\"joe_ebc\/Konmax\" name=\"page88\"><\/a>an einen Traum, ob sie sich auf hellem oder auf dunklem Grunde abhebt. Das Subjekt der Erscheinung, ihre Wahrheit allein ist&#8217;s, was mich angeht. Der Philosoph, f\u00fcr den der Regenbogen wegerkl\u00e4rt werden kann, hat ihn nie gesehen.<\/p>\n<p>&nbsp;<\/p>\n<p>&nbsp;<\/p>\n<p style=\"text-align: center;\">***<\/p>\n<p style=\"text-align: justify;\"><strong><a href=\"http:\/\/www.editiondaslabor.de\/blog\/wp-content\/uploads\/2013\/04\/220px-1854_Walden_byThoreau.jpg\"><img loading=\"lazy\" decoding=\"async\" class=\"alignleft size-full wp-image-14940\" src=\"http:\/\/www.editiondaslabor.de\/blog\/wp-content\/uploads\/2013\/04\/220px-1854_Walden_byThoreau.jpg\" alt=\"\" width=\"220\" height=\"378\" srcset=\"http:\/\/www.editiondaslabor.de\/blog\/wp-content\/uploads\/2013\/04\/220px-1854_Walden_byThoreau.jpg 220w, http:\/\/www.editiondaslabor.de\/blog\/wp-content\/uploads\/2013\/04\/220px-1854_Walden_byThoreau-174x300.jpg 174w\" sizes=\"auto, (max-width: 220px) 100vw, 220px\" \/><\/a><\/strong>Henry David Thoreau gilt als Schriftsteller auch in formaler Hinsicht als eine der markantesten Gestalten der klassischen amerikanischen Literatur. Eine Einf\u00fchrung in Leben und Werk von Gerhard Gutherz findet sich <a href=\"http:\/\/www.editiondaslabor.de\/blog\/1989\/05\/06\/nachdenken-ueber-einen-einsiedler\/\">hier<\/a>. Als sorgf\u00e4ltig feilender Stilist, als hervorragender Sprachk\u00fcnstler hat er durch die f\u00fcr ihn charakteristische Essayform auf Generationen von Schriftstellern anregend gewirkt. Wir begreifen die Gattung des Essays auf KUNO als eine <a href=\"http:\/\/www.editiondaslabor.de\/blog\/2013\/12\/10\/zur-gattung-essay\/\">Versuchsanordnung<\/a>, undogmatisch, subjektiv, experimentell, ergebnisoffen.<\/p>\n<p style=\"text-align: justify;\"><strong>Weiterf\u00fchrend\u00a0\u2192 <\/strong>ein Essay \u00fcber die neue Literaturgattung <a href=\"http:\/\/www.editiondaslabor.de\/blog\/?p=22423\"><em>Twitteratur<\/em><\/a>.<\/p>\n","protected":false},"excerpt":{"rendered":"<p>&nbsp; Ich glaube, der Gelehrte (und mit ihm die Mehrzahl der Menschen) irrt mit der Annahme, da\u00df wir einem eindrucksvollen Naturphaenomen unsere Aufmerksamkeit in der Art zuwenden, als w\u00e4re es etwas von uns ganz Unabh\u00e4ngiges, und nicht so, wie es&hellip;<\/p>\n<p class=\"more-link-p\"><a class=\"more-link\" href=\"http:\/\/www.editiondaslabor.de\/blog\/1990\/05\/06\/regenbogen\/\">Read more &rarr;<\/a><\/p>\n","protected":false},"author":217,"featured_media":14940,"comment_status":"closed","ping_status":"closed","sticky":false,"template":"","format":"standard","meta":{"footnotes":""},"categories":[1],"tags":[1207],"class_list":["post-88629","post","type-post","status-publish","format-standard","has-post-thumbnail","hentry","category-literatur","tag-henry-david-thoreau"],"_links":{"self":[{"href":"http:\/\/www.editiondaslabor.de\/blog\/wp-json\/wp\/v2\/posts\/88629","targetHints":{"allow":["GET"]}}],"collection":[{"href":"http:\/\/www.editiondaslabor.de\/blog\/wp-json\/wp\/v2\/posts"}],"about":[{"href":"http:\/\/www.editiondaslabor.de\/blog\/wp-json\/wp\/v2\/types\/post"}],"author":[{"embeddable":true,"href":"http:\/\/www.editiondaslabor.de\/blog\/wp-json\/wp\/v2\/users\/217"}],"replies":[{"embeddable":true,"href":"http:\/\/www.editiondaslabor.de\/blog\/wp-json\/wp\/v2\/comments?post=88629"}],"version-history":[{"count":0,"href":"http:\/\/www.editiondaslabor.de\/blog\/wp-json\/wp\/v2\/posts\/88629\/revisions"}],"wp:featuredmedia":[{"embeddable":true,"href":"http:\/\/www.editiondaslabor.de\/blog\/wp-json\/"}],"wp:attachment":[{"href":"http:\/\/www.editiondaslabor.de\/blog\/wp-json\/wp\/v2\/media?parent=88629"}],"wp:term":[{"taxonomy":"category","embeddable":true,"href":"http:\/\/www.editiondaslabor.de\/blog\/wp-json\/wp\/v2\/categories?post=88629"},{"taxonomy":"post_tag","embeddable":true,"href":"http:\/\/www.editiondaslabor.de\/blog\/wp-json\/wp\/v2\/tags?post=88629"}],"curies":[{"name":"wp","href":"https:\/\/api.w.org\/{rel}","templated":true}]}}