{"id":88590,"date":"1997-07-12T00:01:05","date_gmt":"1997-07-11T22:01:05","guid":{"rendered":"http:\/\/www.editiondaslabor.de\/blog\/?p=88590"},"modified":"2021-07-13T08:14:53","modified_gmt":"2021-07-13T06:14:53","slug":"die-gesetze-der-natur","status":"publish","type":"post","link":"http:\/\/www.editiondaslabor.de\/blog\/1997\/07\/12\/die-gesetze-der-natur\/","title":{"rendered":"Die Gesetze der Natur"},"content":{"rendered":"<p>&nbsp;<\/p>\n<p style=\"text-align: justify\">Obgleich die Gesetze der Natur unver\u00e4nderlicher sind als die irgend eines Despoten, erscheinen sie doch selten starr, sondern gew\u00e4hren manche Freiheiten an sch\u00f6nen Sommertagen. Wir werden nicht oft und nicht rauh an das erinnert, was wir nicht tun d\u00fcrfen. Ich wundere mich oft dar\u00fcber, wie lange manche Leute, denen ich auf der breiten Heerstra\u00dfe begegne, ihr Leben in offensichtlicher \u00dcbertretung der Naturgesetze zu behaupten verm\u00f6gen. Die Natur versagt ihnen nicht <a id=\"page77\" title=\"joe_ebc\/Konmax\" name=\"page77\"><\/a>den Unterstand und l\u00e4\u00dft sie nicht ohne Priester sterben. Zugleich frohlockt sie immerzu, denn sind sie nicht der eine Teil von ihr, so sind sie eben der andere.<\/p>\n<p>&nbsp;<\/p>\n<p>&nbsp;<\/p>\n<p>&nbsp;<\/p>\n<p style=\"text-align: center\">***<\/p>\n<p style=\"text-align: justify\"><strong><a href=\"http:\/\/www.editiondaslabor.de\/blog\/wp-content\/uploads\/2013\/04\/220px-1854_Walden_byThoreau.jpg\"><img loading=\"lazy\" decoding=\"async\" class=\"alignleft size-full wp-image-14940\" src=\"http:\/\/www.editiondaslabor.de\/blog\/wp-content\/uploads\/2013\/04\/220px-1854_Walden_byThoreau.jpg\" alt=\"\" width=\"220\" height=\"378\" srcset=\"http:\/\/www.editiondaslabor.de\/blog\/wp-content\/uploads\/2013\/04\/220px-1854_Walden_byThoreau.jpg 220w, http:\/\/www.editiondaslabor.de\/blog\/wp-content\/uploads\/2013\/04\/220px-1854_Walden_byThoreau-174x300.jpg 174w\" sizes=\"auto, (max-width: 220px) 100vw, 220px\" \/><\/a><\/strong>Henry David Thoreau gilt als Schriftsteller auch in formaler Hinsicht als eine der markantesten Gestalten der klassischen amerikanischen Literatur. Eine Einf\u00fchrung in Leben und Werk von Gerhard Gutherz findet sich <a href=\"http:\/\/www.editiondaslabor.de\/blog\/1989\/05\/06\/nachdenken-ueber-einen-einsiedler\/\">hier<\/a>. Als sorgf\u00e4ltig feilender Stilist, als hervorragender Sprachk\u00fcnstler hat er durch die f\u00fcr ihn charakteristische Essayform auf Generationen von Schriftstellern anregend gewirkt. Wir begreifen die Gattung des Essays auf KUNO als eine <a href=\"http:\/\/www.editiondaslabor.de\/blog\/2013\/12\/10\/zur-gattung-essay\/\">Versuchsanordnung<\/a>, undogmatisch, subjektiv, experimentell, ergebnisoffen.<\/p>\n<p style=\"text-align: justify\"><strong>Weiterf\u00fchrend\u00a0\u2192 <\/strong>ein Essay \u00fcber die neue Literaturgattung <a href=\"http:\/\/www.editiondaslabor.de\/blog\/?p=22423\"><em>Twitteratur<\/em><\/a>.<\/p>\n","protected":false},"excerpt":{"rendered":"<p>&nbsp; Obgleich die Gesetze der Natur unver\u00e4nderlicher sind als die irgend eines Despoten, erscheinen sie doch selten starr, sondern gew\u00e4hren manche Freiheiten an sch\u00f6nen Sommertagen. Wir werden nicht oft und nicht rauh an das erinnert, was wir nicht tun d\u00fcrfen.&hellip;<\/p>\n<p class=\"more-link-p\"><a class=\"more-link\" href=\"http:\/\/www.editiondaslabor.de\/blog\/1997\/07\/12\/die-gesetze-der-natur\/\">Read more &rarr;<\/a><\/p>\n","protected":false},"author":217,"featured_media":14940,"comment_status":"closed","ping_status":"closed","sticky":false,"template":"","format":"standard","meta":{"footnotes":""},"categories":[1],"tags":[1207],"class_list":["post-88590","post","type-post","status-publish","format-standard","has-post-thumbnail","hentry","category-literatur","tag-henry-david-thoreau"],"_links":{"self":[{"href":"http:\/\/www.editiondaslabor.de\/blog\/wp-json\/wp\/v2\/posts\/88590","targetHints":{"allow":["GET"]}}],"collection":[{"href":"http:\/\/www.editiondaslabor.de\/blog\/wp-json\/wp\/v2\/posts"}],"about":[{"href":"http:\/\/www.editiondaslabor.de\/blog\/wp-json\/wp\/v2\/types\/post"}],"author":[{"embeddable":true,"href":"http:\/\/www.editiondaslabor.de\/blog\/wp-json\/wp\/v2\/users\/217"}],"replies":[{"embeddable":true,"href":"http:\/\/www.editiondaslabor.de\/blog\/wp-json\/wp\/v2\/comments?post=88590"}],"version-history":[{"count":0,"href":"http:\/\/www.editiondaslabor.de\/blog\/wp-json\/wp\/v2\/posts\/88590\/revisions"}],"wp:featuredmedia":[{"embeddable":true,"href":"http:\/\/www.editiondaslabor.de\/blog\/wp-json\/"}],"wp:attachment":[{"href":"http:\/\/www.editiondaslabor.de\/blog\/wp-json\/wp\/v2\/media?parent=88590"}],"wp:term":[{"taxonomy":"category","embeddable":true,"href":"http:\/\/www.editiondaslabor.de\/blog\/wp-json\/wp\/v2\/categories?post=88590"},{"taxonomy":"post_tag","embeddable":true,"href":"http:\/\/www.editiondaslabor.de\/blog\/wp-json\/wp\/v2\/tags?post=88590"}],"curies":[{"name":"wp","href":"https:\/\/api.w.org\/{rel}","templated":true}]}}