{"id":88588,"date":"1996-07-12T00:01:29","date_gmt":"1996-07-11T22:01:29","guid":{"rendered":"http:\/\/www.editiondaslabor.de\/blog\/?p=88588"},"modified":"2021-07-13T08:13:01","modified_gmt":"2021-07-13T06:13:01","slug":"mein-leben-gehoert-der-gegenwart","status":"publish","type":"post","link":"http:\/\/www.editiondaslabor.de\/blog\/1996\/07\/12\/mein-leben-gehoert-der-gegenwart\/","title":{"rendered":"Mein Leben geh\u00f6rt der Gegenwart"},"content":{"rendered":"<p>&nbsp;<\/p>\n<p style=\"text-align: justify\">Lasset uns den Einklang unseres Lebens mit dem Leben der Natur and\u00e4chtig bewahren und bewachen. Hitze und K\u00e4lte, Tag und Nacht, Sonne, Mond und Sterne, was w\u00e4ren sie uns sonst? Geschah es nicht aus \u00dcbereinstimmung mit dem gegenw\u00e4rtigen Leben der Natur, da\u00df wir gerade zu dieser Zeit geboren wurden und nicht zu einer anderen? Mein Leben geh\u00f6rt der Gegenwart so innerlich an, wie das der Weide <a id=\"page76\" title=\"Konmax\/joe_ebc\" name=\"page76\"><\/a>im Fr\u00fchling, jetzt erbl\u00fchen ihre K\u00e4tzchen, jetzt blinkt ihre gelbliche Rinde, jetzt steigt ihr Saft, jetzt oder nie m\u00fc\u00dft ihr Pfeifen scheiden. La\u00dft den Tag euch Helfer sein, den Tag und die Nacht.<\/p>\n<p>&nbsp;<\/p>\n<p>&nbsp;<\/p>\n<p>&nbsp;<\/p>\n<p style=\"text-align: center\">***<\/p>\n<p style=\"text-align: justify\"><strong><a href=\"http:\/\/www.editiondaslabor.de\/blog\/wp-content\/uploads\/2013\/04\/220px-1854_Walden_byThoreau.jpg\"><img loading=\"lazy\" decoding=\"async\" class=\"alignleft size-full wp-image-14940\" src=\"http:\/\/www.editiondaslabor.de\/blog\/wp-content\/uploads\/2013\/04\/220px-1854_Walden_byThoreau.jpg\" alt=\"\" width=\"220\" height=\"378\" srcset=\"http:\/\/www.editiondaslabor.de\/blog\/wp-content\/uploads\/2013\/04\/220px-1854_Walden_byThoreau.jpg 220w, http:\/\/www.editiondaslabor.de\/blog\/wp-content\/uploads\/2013\/04\/220px-1854_Walden_byThoreau-174x300.jpg 174w\" sizes=\"auto, (max-width: 220px) 100vw, 220px\" \/><\/a><\/strong>Henry David Thoreau gilt als Schriftsteller auch in formaler Hinsicht als eine der markantesten Gestalten der klassischen amerikanischen Literatur. Eine Einf\u00fchrung in Leben und Werk von Gerhard Gutherz findet sich <a href=\"http:\/\/www.editiondaslabor.de\/blog\/1989\/05\/06\/nachdenken-ueber-einen-einsiedler\/\">hier<\/a>. Als sorgf\u00e4ltig feilender Stilist, als hervorragender Sprachk\u00fcnstler hat er durch die f\u00fcr ihn charakteristische Essayform auf Generationen von Schriftstellern anregend gewirkt. Wir begreifen die Gattung des Essays auf KUNO als eine <a href=\"http:\/\/www.editiondaslabor.de\/blog\/2013\/12\/10\/zur-gattung-essay\/\">Versuchsanordnung<\/a>, undogmatisch, subjektiv, experimentell, ergebnisoffen.<\/p>\n<p style=\"text-align: justify\"><strong>Weiterf\u00fchrend\u00a0\u2192 <\/strong>ein Essay \u00fcber die neue Literaturgattung <a href=\"http:\/\/www.editiondaslabor.de\/blog\/?p=22423\"><em>Twitteratur<\/em><\/a>.<\/p>\n","protected":false},"excerpt":{"rendered":"<p>&nbsp; Lasset uns den Einklang unseres Lebens mit dem Leben der Natur and\u00e4chtig bewahren und bewachen. Hitze und K\u00e4lte, Tag und Nacht, Sonne, Mond und Sterne, was w\u00e4ren sie uns sonst? Geschah es nicht aus \u00dcbereinstimmung mit dem gegenw\u00e4rtigen Leben&hellip;<\/p>\n<p class=\"more-link-p\"><a class=\"more-link\" href=\"http:\/\/www.editiondaslabor.de\/blog\/1996\/07\/12\/mein-leben-gehoert-der-gegenwart\/\">Read more &rarr;<\/a><\/p>\n","protected":false},"author":217,"featured_media":14940,"comment_status":"closed","ping_status":"closed","sticky":false,"template":"","format":"standard","meta":{"footnotes":""},"categories":[1],"tags":[1207],"class_list":["post-88588","post","type-post","status-publish","format-standard","has-post-thumbnail","hentry","category-literatur","tag-henry-david-thoreau"],"_links":{"self":[{"href":"http:\/\/www.editiondaslabor.de\/blog\/wp-json\/wp\/v2\/posts\/88588","targetHints":{"allow":["GET"]}}],"collection":[{"href":"http:\/\/www.editiondaslabor.de\/blog\/wp-json\/wp\/v2\/posts"}],"about":[{"href":"http:\/\/www.editiondaslabor.de\/blog\/wp-json\/wp\/v2\/types\/post"}],"author":[{"embeddable":true,"href":"http:\/\/www.editiondaslabor.de\/blog\/wp-json\/wp\/v2\/users\/217"}],"replies":[{"embeddable":true,"href":"http:\/\/www.editiondaslabor.de\/blog\/wp-json\/wp\/v2\/comments?post=88588"}],"version-history":[{"count":0,"href":"http:\/\/www.editiondaslabor.de\/blog\/wp-json\/wp\/v2\/posts\/88588\/revisions"}],"wp:featuredmedia":[{"embeddable":true,"href":"http:\/\/www.editiondaslabor.de\/blog\/wp-json\/"}],"wp:attachment":[{"href":"http:\/\/www.editiondaslabor.de\/blog\/wp-json\/wp\/v2\/media?parent=88588"}],"wp:term":[{"taxonomy":"category","embeddable":true,"href":"http:\/\/www.editiondaslabor.de\/blog\/wp-json\/wp\/v2\/categories?post=88588"},{"taxonomy":"post_tag","embeddable":true,"href":"http:\/\/www.editiondaslabor.de\/blog\/wp-json\/wp\/v2\/tags?post=88588"}],"curies":[{"name":"wp","href":"https:\/\/api.w.org\/{rel}","templated":true}]}}