{"id":88532,"date":"1996-10-23T00:01:50","date_gmt":"1996-10-22T22:01:50","guid":{"rendered":"http:\/\/www.editiondaslabor.de\/blog\/?p=88532"},"modified":"2022-04-20T13:33:21","modified_gmt":"2022-04-20T11:33:21","slug":"eine-erinnerung-an-andrej-kokot","status":"publish","type":"post","link":"http:\/\/www.editiondaslabor.de\/blog\/1996\/10\/23\/eine-erinnerung-an-andrej-kokot\/","title":{"rendered":"Eine Erinnerung an Andrej Kokot"},"content":{"rendered":"<p>&nbsp;<\/p>\n<p style=\"text-align: justify;\">Andrej Kokot hat meinen Gedichtband \u201eOporoka Casa\u201c (Zeitzeichen) ins Slowenische \u00fcbersetzt. Wir haben uns fr\u00fcher oft und immer wieder getroffen, auch zusammen mit unserem gemeinsamen Freund, dem k\u00e4rntnerslowenischen Dichter und Chorleiter Valentin Polan\u0161ek; oft auch in Slowenien bei den PEN-Tagungen in Bled. In Wien habe ich einmal einen Leseabend f\u00fcr ihn und mit ihm gemacht. Der Andrej Kokot ist ein ganz Stiller, in jeder Hinsicht. Er macht nicht viel Aufhebens um seine Literatur. Und wenn er liest und spricht, dann ganz leise, da\u00df man ihn fast nicht versteht und um so konzentrierter zuh\u00f6ren mu\u00df. Mit ihm war ich beim Begr\u00e4bnis unseres Dichterkollegen Hermann Vogel, der auf tragische Weise in der Drau in Maribor ertrunken ist. Das Begr\u00e4bnis war in einem kleinen Dorf unterhalb der Karawanken. Zum Abschied sang der Chor slowenische Volkslieder. Es war so ber\u00fchrend und zum Weinen. In seinem Buch \u201eDas Kind, das ich war\u201c beschreibt Kokot seine Zwangsaussiedlung und die seiner Familie sowie mehr als hundert anderer K\u00e4rntnerslowenen-Familien aus ihrer Heimat nach Deutschland unter der Naziherrschaft. Seinen Bruder hat man denunziert, er kam ins KZ-Mauthausen und wurde dort gehenkt. Und all das wurde sp\u00e4ter im Heimatort K\u00f6stenberg und in ganz K\u00e4rnten totgeschwiegen; so wie \u00c4hnliches in ganz \u00d6sterreich, weil das zum \u00d6sterreichertum geh\u00f6rt.<\/p>\n<p>&nbsp;<\/p>\n<p>&nbsp;<\/p>\n<p style=\"text-align: center;\">***<\/p>\n<p style=\"text-align: justify;\"><strong>Schriftstellerbegegnungen<\/strong> 1960-2010 von Peter Paul Wiplinger, Kitab-Verlag, Klagenfurt, 2010<\/p>\n<div id=\"attachment_19169\" style=\"width: 222px\" class=\"wp-caption alignleft\"><a href=\"http:\/\/www.editiondaslabor.de\/blog\/wp-content\/uploads\/2014\/02\/Wiplinger-Peter-Paul-2013-Krems-Copyright-Margit-Hahn-2.jpg\"><img loading=\"lazy\" decoding=\"async\" aria-describedby=\"caption-attachment-19169\" class=\"size-medium wp-image-19169\" src=\"http:\/\/www.editiondaslabor.de\/blog\/wp-content\/uploads\/2014\/02\/Wiplinger-Peter-Paul-2013-Krems-Copyright-Margit-Hahn-2-212x300.jpg\" alt=\"\" width=\"212\" height=\"300\" srcset=\"http:\/\/www.editiondaslabor.de\/blog\/wp-content\/uploads\/2014\/02\/Wiplinger-Peter-Paul-2013-Krems-Copyright-Margit-Hahn-2-212x300.jpg 212w, http:\/\/www.editiondaslabor.de\/blog\/wp-content\/uploads\/2014\/02\/Wiplinger-Peter-Paul-2013-Krems-Copyright-Margit-Hahn-2-725x1024.jpg 725w\" sizes=\"auto, (max-width: 212px) 100vw, 212px\" \/><\/a><p id=\"caption-attachment-19169\" class=\"wp-caption-text\">Wiplinger Peter Paul 2013, Photo: Margit Hahn<\/p><\/div>\n<div style=\"text-align: justify;\">\n<div style=\"text-align: justify;\"><strong>Weiterf\u00fchrend \u2192 <\/strong>KUNO sch\u00e4tzt dieses <a href=\"http:\/\/www.editiondaslabor.de\/blog\/2009\/02\/28\/ein-geflecht-aus-perspektiven-und-eindruecken\/\">Geflecht aus Perspektiven und Eindr\u00fccken<\/a>. Weitere Ausk\u00fcnfte gibt der Autor im <a href=\"http:\/\/www.editiondaslabor.de\/blog\/2009\/02\/24\/epilog-zu-schriftstellerbegegnungen-1960-2010\/\">Epilog<\/a> zu den <em>Schriftstellerbegegnungen<\/em>.<\/div>\n<div style=\"text-align: justify;\"><strong>\u2192<\/strong> Die <em>Kulturnotizen<\/em> (KUNO) setzen die Reihe Kollegengespr\u00e4che in loser Folge ab 2011 fort. So z.B. mit dem vertiefenden <a href=\"http:\/\/www.editiondaslabor.de\/blog\/?p=21407\">Kollegengespr\u00e4ch<\/a> von A.J. Weigoni mit Haimo Hieronymus \u00fcber Material, Medium und Faszination des Werkstoffs Papier. Druck und Papier, manche Traditionen gehen eben nicht verloren.<\/div>\n<p style=\"text-align: justify;\">\n<\/div>\n","protected":false},"excerpt":{"rendered":"<p>&nbsp; Andrej Kokot hat meinen Gedichtband \u201eOporoka Casa\u201c (Zeitzeichen) ins Slowenische \u00fcbersetzt. Wir haben uns fr\u00fcher oft und immer wieder getroffen, auch zusammen mit unserem gemeinsamen Freund, dem k\u00e4rntnerslowenischen Dichter und Chorleiter Valentin Polan\u0161ek; oft auch in Slowenien bei den&hellip;<\/p>\n<p class=\"more-link-p\"><a class=\"more-link\" href=\"http:\/\/www.editiondaslabor.de\/blog\/1996\/10\/23\/eine-erinnerung-an-andrej-kokot\/\">Read more &rarr;<\/a><\/p>\n","protected":false},"author":98,"featured_media":97941,"comment_status":"closed","ping_status":"closed","sticky":false,"template":"","format":"standard","meta":{"footnotes":""},"categories":[1],"tags":[1703,1142],"class_list":["post-88532","post","type-post","status-publish","format-standard","has-post-thumbnail","hentry","category-literatur","tag-andrej-kokot","tag-peter-paul-wiplinger"],"_links":{"self":[{"href":"http:\/\/www.editiondaslabor.de\/blog\/wp-json\/wp\/v2\/posts\/88532","targetHints":{"allow":["GET"]}}],"collection":[{"href":"http:\/\/www.editiondaslabor.de\/blog\/wp-json\/wp\/v2\/posts"}],"about":[{"href":"http:\/\/www.editiondaslabor.de\/blog\/wp-json\/wp\/v2\/types\/post"}],"author":[{"embeddable":true,"href":"http:\/\/www.editiondaslabor.de\/blog\/wp-json\/wp\/v2\/users\/98"}],"replies":[{"embeddable":true,"href":"http:\/\/www.editiondaslabor.de\/blog\/wp-json\/wp\/v2\/comments?post=88532"}],"version-history":[{"count":1,"href":"http:\/\/www.editiondaslabor.de\/blog\/wp-json\/wp\/v2\/posts\/88532\/revisions"}],"predecessor-version":[{"id":102761,"href":"http:\/\/www.editiondaslabor.de\/blog\/wp-json\/wp\/v2\/posts\/88532\/revisions\/102761"}],"wp:featuredmedia":[{"embeddable":true,"href":"http:\/\/www.editiondaslabor.de\/blog\/wp-json\/wp\/v2\/media\/97941"}],"wp:attachment":[{"href":"http:\/\/www.editiondaslabor.de\/blog\/wp-json\/wp\/v2\/media?parent=88532"}],"wp:term":[{"taxonomy":"category","embeddable":true,"href":"http:\/\/www.editiondaslabor.de\/blog\/wp-json\/wp\/v2\/categories?post=88532"},{"taxonomy":"post_tag","embeddable":true,"href":"http:\/\/www.editiondaslabor.de\/blog\/wp-json\/wp\/v2\/tags?post=88532"}],"curies":[{"name":"wp","href":"https:\/\/api.w.org\/{rel}","templated":true}]}}