{"id":88168,"date":"2005-11-05T00:01:09","date_gmt":"2005-11-04T23:01:09","guid":{"rendered":"http:\/\/www.editiondaslabor.de\/blog\/?p=88168"},"modified":"2021-11-03T13:12:05","modified_gmt":"2021-11-03T12:12:05","slug":"wunder-2","status":"publish","type":"post","link":"http:\/\/www.editiondaslabor.de\/blog\/2005\/11\/05\/wunder-2\/","title":{"rendered":"Wunder"},"content":{"rendered":"<p>&nbsp;<\/p>\n<p>Du steht! Du steht!<\/p>\n<p>Und ich<\/p>\n<p>Und ich<\/p>\n<p>Ich winge<\/p>\n<p>Raumlos zeitlos w\u00e4glos<\/p>\n<p>Du steht! Du steht!<\/p>\n<p>Und<\/p>\n<p>Rasen b\u00e4ret mich<\/p>\n<p>Ich<\/p>\n<p>B\u00e4r mich selber!<\/p>\n<p>Du!<\/p>\n<p>Du!<\/p>\n<p>Du bannt die Zeit<\/p>\n<p>Du bogt der Kreis<\/p>\n<p>Du seelt der Geist<\/p>\n<p>Du blickt der Blick<\/p>\n<p>Du<\/p>\n<p>Kreist die Welt<\/p>\n<p>Die Welt<\/p>\n<p>Die Welt!<\/p>\n<p>Ich<\/p>\n<p>Kreis das All!<\/p>\n<p>Und du<\/p>\n<p>Und du<\/p>\n<p>Du<\/p>\n<p>Stehst<\/p>\n<p>Das<\/p>\n<p>Wunder!<\/p>\n<p>&nbsp;<\/p>\n<p>&nbsp;<\/p>\n<p>&nbsp;<\/p>\n<p style=\"text-align: center;\">***<\/p>\n<p style=\"text-align: justify;\"><a href=\"http:\/\/www.editiondaslabor.de\/blog\/wp-content\/uploads\/2015\/09\/Stramm.jpg\"><img loading=\"lazy\" decoding=\"async\" class=\"size-full wp-image-88052 alignleft\" src=\"http:\/\/www.editiondaslabor.de\/blog\/wp-content\/uploads\/2015\/09\/Stramm.jpg\" alt=\"\" width=\"200\" height=\"236\" srcset=\"http:\/\/www.editiondaslabor.de\/blog\/wp-content\/uploads\/2015\/09\/Stramm.jpg 200w, http:\/\/www.editiondaslabor.de\/blog\/wp-content\/uploads\/2015\/09\/Stramm-160x189.jpg 160w\" sizes=\"auto, (max-width: 200px) 100vw, 200px\" \/><\/a>August Stramms Stil war \u00fcberraschend und neu. Durch seine Knappheit, H\u00e4rte und die weit vorangetriebenen Sprachexperimente heben sich Stramms Gedichte deutlich von denen anderer, fr\u00fcher Expressionisten wie beispielsweise Georg Heym und Theodor D\u00e4ubler ab. W\u00e4hrend letztere meist noch deutlich von der Neuromantik und dem Symbolismus beeinflusst sind, rei\u00dfen Stramms Sprachmontagen den Horizont in die Moderne auf. Die zerhackten Rhythmen, die Satz- und Wortfetzen machen Stramms Gedichte zudem zu den \u00fcberzeugendsten lyrischen Zeugnissen des Weltkriegs, umso mehr, da es kaum einem anderen Autor gelungen ist, das Grauen dieses ersten Maschinenkriegs in einer dieser ganz neuen Erfahrung angemessenen Form zu verarbeiten.<\/p>\n<p style=\"text-align: justify;\">Schon mit den ersten Ver\u00f6ffentlichungen im <em>Sturm<\/em> nahmen junge Autoren Stramms Stil auf, darunter Kurt Heynicke, Walter Mehring und Kurt Schwitters. Auch auf die expressionistische Prosa von beispielsweise Alfred D\u00f6blin hatte Stramms Sprachduktus Einfluss. Zu sp\u00e4teren Stramm-Anh\u00e4ngern geh\u00f6ren u. a. Arno Schmidt, dessen fr\u00fche Prosa (1946\u20131956) auch stilistisch von Stramms Lyrik beeinflusst ist, Gerhard R\u00fchm, Ernst Jandl und der Stamm-Adept Thomas Kling.<\/p>\n<p style=\"text-align: justify;\"><strong>Weiterf\u00fchrend <\/strong><strong>\u2192\u00a0<\/strong>Poesie z\u00e4hlt f\u00fcr KUNO weiterhin zu den identit\u00e4ts- und identifikationstiftenden Elementen einer Kultur, dies bezeugte auch der Versuch einer <strong><a href=\"http:\/\/www.editiondaslabor.de\/blog\/?p=25630\">poetologischen Positionsbestimmung<\/a><\/strong><strong>.<\/strong><\/p>\n","protected":false},"excerpt":{"rendered":"<p>&nbsp; Du steht! Du steht! Und ich Und ich Ich winge Raumlos zeitlos w\u00e4glos Du steht! Du steht! Und Rasen b\u00e4ret mich Ich B\u00e4r mich selber! Du! Du! Du bannt die Zeit Du bogt der Kreis Du seelt der Geist&hellip;<\/p>\n<p class=\"more-link-p\"><a class=\"more-link\" href=\"http:\/\/www.editiondaslabor.de\/blog\/2005\/11\/05\/wunder-2\/\">Read more &rarr;<\/a><\/p>\n","protected":false},"author":226,"featured_media":88052,"comment_status":"closed","ping_status":"closed","sticky":false,"template":"","format":"standard","meta":{"footnotes":""},"categories":[1],"tags":[2169],"class_list":["post-88168","post","type-post","status-publish","format-standard","has-post-thumbnail","hentry","category-literatur","tag-august-stramm"],"_links":{"self":[{"href":"http:\/\/www.editiondaslabor.de\/blog\/wp-json\/wp\/v2\/posts\/88168","targetHints":{"allow":["GET"]}}],"collection":[{"href":"http:\/\/www.editiondaslabor.de\/blog\/wp-json\/wp\/v2\/posts"}],"about":[{"href":"http:\/\/www.editiondaslabor.de\/blog\/wp-json\/wp\/v2\/types\/post"}],"author":[{"embeddable":true,"href":"http:\/\/www.editiondaslabor.de\/blog\/wp-json\/wp\/v2\/users\/226"}],"replies":[{"embeddable":true,"href":"http:\/\/www.editiondaslabor.de\/blog\/wp-json\/wp\/v2\/comments?post=88168"}],"version-history":[{"count":0,"href":"http:\/\/www.editiondaslabor.de\/blog\/wp-json\/wp\/v2\/posts\/88168\/revisions"}],"wp:featuredmedia":[{"embeddable":true,"href":"http:\/\/www.editiondaslabor.de\/blog\/wp-json\/"}],"wp:attachment":[{"href":"http:\/\/www.editiondaslabor.de\/blog\/wp-json\/wp\/v2\/media?parent=88168"}],"wp:term":[{"taxonomy":"category","embeddable":true,"href":"http:\/\/www.editiondaslabor.de\/blog\/wp-json\/wp\/v2\/categories?post=88168"},{"taxonomy":"post_tag","embeddable":true,"href":"http:\/\/www.editiondaslabor.de\/blog\/wp-json\/wp\/v2\/tags?post=88168"}],"curies":[{"name":"wp","href":"https:\/\/api.w.org\/{rel}","templated":true}]}}