{"id":87861,"date":"2024-01-20T00:01:43","date_gmt":"2024-01-19T23:01:43","guid":{"rendered":"http:\/\/www.editiondaslabor.de\/blog\/?p=87861"},"modified":"2022-02-23T17:37:39","modified_gmt":"2022-02-23T16:37:39","slug":"87861","status":"publish","type":"post","link":"http:\/\/www.editiondaslabor.de\/blog\/2024\/01\/20\/87861\/","title":{"rendered":":"},"content":{"rendered":"<p>&nbsp;<\/p>\n<p>dein Bauchnabel dieses Auge<\/p>\n<p>so feucht so gl\u00e4nzend dein Mund und<\/p>\n<p>dich mit der Hand bedecken<\/p>\n<p>dabei nicht und nie mehr<\/p>\n<p>intakt sein nein<\/p>\n<p>und in uns die Kontinente zersprungen<\/p>\n<p>als Meere als V\u00f6gel auch<\/p>\n<p>in der Luft<\/p>\n<p>denn deine N\u00e4he ist die N\u00e4he der Planeten<\/p>\n<p>so redet Erde<\/p>\n<p>und Leere wenn ich weggehe<\/p>\n<p>bleibt die dann zwischen deinen<\/p>\n<p>Bauchnabel dieses Auge<\/p>\n<p>gef\u00fcgt meine Hand<\/p>\n<p>die sich hinhielt<\/p>\n<p>oder?<\/p>\n<p>&nbsp;<\/p>\n<p>&nbsp;<\/p>\n<p style=\"text-align: center;\">***<\/p>\n<p><strong>Hoffnung auf Schmetterlinge<\/strong>, Gedichte von Sophie Reyer. Sisyphus 2021<\/p>\n<p style=\"text-align: justify;\"><a href=\"http:\/\/www.editiondaslabor.de\/blog\/wp-content\/uploads\/2021\/07\/Schmetterlinge_Cover.jpg\"><img loading=\"lazy\" decoding=\"async\" class=\"size-medium wp-image-87859 alignleft\" src=\"http:\/\/www.editiondaslabor.de\/blog\/wp-content\/uploads\/2021\/07\/Schmetterlinge_Cover-198x300.jpg\" alt=\"\" width=\"198\" height=\"300\" srcset=\"http:\/\/www.editiondaslabor.de\/blog\/wp-content\/uploads\/2021\/07\/Schmetterlinge_Cover-198x300.jpg 198w, http:\/\/www.editiondaslabor.de\/blog\/wp-content\/uploads\/2021\/07\/Schmetterlinge_Cover-260x394.jpg 260w, http:\/\/www.editiondaslabor.de\/blog\/wp-content\/uploads\/2021\/07\/Schmetterlinge_Cover-160x243.jpg 160w, http:\/\/www.editiondaslabor.de\/blog\/wp-content\/uploads\/2021\/07\/Schmetterlinge_Cover.jpg 395w\" sizes=\"auto, (max-width: 198px) 100vw, 198px\" \/><\/a>Sophie Reyer ist hyperaktiv und hypertalentiert. Promovierte Philosophin, Komponistin klassischer Musik, macht Theaterst\u00fccke, B\u00fccher, Experimentalfilme, h\u00e4lt Vorlesungen an Akademien, hat Ausstellungen \u2013 was auch immer mit Kunst, Kreativit\u00e4t und Ausdruck zu tun hat, man kann sicher sein, dass Sophie Reyer darin ihre Finger im Spiel hat.<\/p>\n<p style=\"text-align: justify;\">Immer angeregt vom Echo der Welt in ihrem Inneren, immer beseelt von ihrem reichen und feinen Einf\u00fchlungsverm\u00f6gen, schlie\u00dft sich das alles zusammen zu einem gro\u00dfen Panoptikum, in dem Sophie Reyer unsere Zeit in sich selbst spiegelt und umgekehrt. Wenn Sie dieses Panoptikum noch nicht kennen, das bei Reyer seit Jahren entsteht \u2013 der hier vorliegende Gedichtband ist ein guter Puzzlestein, um etwas davon kennenzulernen.<\/p>\n","protected":false},"excerpt":{"rendered":"<p>&nbsp; dein Bauchnabel dieses Auge so feucht so gl\u00e4nzend dein Mund und dich mit der Hand bedecken dabei nicht und nie mehr intakt sein nein und in uns die Kontinente zersprungen als Meere als V\u00f6gel auch in der Luft denn&hellip;<\/p>\n<p class=\"more-link-p\"><a class=\"more-link\" href=\"http:\/\/www.editiondaslabor.de\/blog\/2024\/01\/20\/87861\/\">Read more &rarr;<\/a><\/p>\n","protected":false},"author":100,"featured_media":99662,"comment_status":"closed","ping_status":"closed","sticky":false,"template":"","format":"standard","meta":{"footnotes":""},"categories":[1],"tags":[394],"class_list":["post-87861","post","type-post","status-publish","format-standard","has-post-thumbnail","hentry","category-literatur","tag-sophie-reyer"],"_links":{"self":[{"href":"http:\/\/www.editiondaslabor.de\/blog\/wp-json\/wp\/v2\/posts\/87861","targetHints":{"allow":["GET"]}}],"collection":[{"href":"http:\/\/www.editiondaslabor.de\/blog\/wp-json\/wp\/v2\/posts"}],"about":[{"href":"http:\/\/www.editiondaslabor.de\/blog\/wp-json\/wp\/v2\/types\/post"}],"author":[{"embeddable":true,"href":"http:\/\/www.editiondaslabor.de\/blog\/wp-json\/wp\/v2\/users\/100"}],"replies":[{"embeddable":true,"href":"http:\/\/www.editiondaslabor.de\/blog\/wp-json\/wp\/v2\/comments?post=87861"}],"version-history":[{"count":1,"href":"http:\/\/www.editiondaslabor.de\/blog\/wp-json\/wp\/v2\/posts\/87861\/revisions"}],"predecessor-version":[{"id":100047,"href":"http:\/\/www.editiondaslabor.de\/blog\/wp-json\/wp\/v2\/posts\/87861\/revisions\/100047"}],"wp:featuredmedia":[{"embeddable":true,"href":"http:\/\/www.editiondaslabor.de\/blog\/wp-json\/wp\/v2\/media\/99662"}],"wp:attachment":[{"href":"http:\/\/www.editiondaslabor.de\/blog\/wp-json\/wp\/v2\/media?parent=87861"}],"wp:term":[{"taxonomy":"category","embeddable":true,"href":"http:\/\/www.editiondaslabor.de\/blog\/wp-json\/wp\/v2\/categories?post=87861"},{"taxonomy":"post_tag","embeddable":true,"href":"http:\/\/www.editiondaslabor.de\/blog\/wp-json\/wp\/v2\/tags?post=87861"}],"curies":[{"name":"wp","href":"https:\/\/api.w.org\/{rel}","templated":true}]}}