{"id":87852,"date":"2021-07-11T00:01:29","date_gmt":"2021-07-10T22:01:29","guid":{"rendered":"http:\/\/www.editiondaslabor.de\/blog\/?p=87852"},"modified":"2022-02-23T05:11:06","modified_gmt":"2022-02-23T04:11:06","slug":"87852","status":"publish","type":"post","link":"http:\/\/www.editiondaslabor.de\/blog\/2021\/07\/11\/87852\/","title":{"rendered":":"},"content":{"rendered":"<p>&nbsp;<\/p>\n<p>wenn Bilder aufzucken wieder<\/p>\n<p>verschwinden prallt Och<\/p>\n<p>von den B\u00e4umen ab ach<\/p>\n<p>Schacht<\/p>\n<p>&nbsp;<\/p>\n<p>das Aug ist ein<\/p>\n<p>langschweifiger Stern<\/p>\n<p>&nbsp;<\/p>\n<p>bewegen sich<\/p>\n<p>als Tr\u00e4umer in langen<\/p>\n<p>Herbsttagen sind<\/p>\n<p>Himmel nach Regen<\/p>\n<p>und lugen vor zu<\/p>\n<p>uns<\/p>\n<p>&nbsp;<\/p>\n<p>&nbsp;<\/p>\n<p>&nbsp;<\/p>\n<p style=\"text-align: center;\">***<\/p>\n<p><strong>Hoffnung auf Schmetterlinge<\/strong>, Gedichte von Sophie Reyer. Sisyphus 2021<\/p>\n<p style=\"text-align: justify;\"><a href=\"http:\/\/www.editiondaslabor.de\/blog\/wp-content\/uploads\/2021\/07\/Schmetterlinge_Cover.jpg\"><img loading=\"lazy\" decoding=\"async\" class=\"size-medium wp-image-87859 alignleft\" src=\"http:\/\/www.editiondaslabor.de\/blog\/wp-content\/uploads\/2021\/07\/Schmetterlinge_Cover-198x300.jpg\" alt=\"\" width=\"198\" height=\"300\" srcset=\"http:\/\/www.editiondaslabor.de\/blog\/wp-content\/uploads\/2021\/07\/Schmetterlinge_Cover-198x300.jpg 198w, http:\/\/www.editiondaslabor.de\/blog\/wp-content\/uploads\/2021\/07\/Schmetterlinge_Cover-260x394.jpg 260w, http:\/\/www.editiondaslabor.de\/blog\/wp-content\/uploads\/2021\/07\/Schmetterlinge_Cover-160x243.jpg 160w, http:\/\/www.editiondaslabor.de\/blog\/wp-content\/uploads\/2021\/07\/Schmetterlinge_Cover.jpg 395w\" sizes=\"auto, (max-width: 198px) 100vw, 198px\" \/><\/a>Sophie Reyer ist hyperaktiv und hypertalentiert. Promovierte Philosophin, Komponistin klassischer Musik, macht Theaterst\u00fccke, B\u00fccher, Experimentalfilme, h\u00e4lt Vorlesungen an Akademien, hat Ausstellungen \u2013 was auch immer mit Kunst, Kreativit\u00e4t und Ausdruck zu tun hat, man kann sicher sein, dass Sophie Reyer darin ihre Finger im Spiel hat.<\/p>\n<p style=\"text-align: justify;\">Immer angeregt vom Echo der Welt in ihrem Inneren, immer beseelt von ihrem reichen und feinen Einf\u00fchlungsverm\u00f6gen, schlie\u00dft sich das alles zusammen zu einem gro\u00dfen Panoptikum, in dem Sophie Reyer unsere Zeit in sich selbst spiegelt und umgekehrt. Wenn Sie dieses Panoptikum noch nicht kennen, das bei Reyer seit Jahren entsteht \u2013 der hier vorliegende Gedichtband ist ein guter Puzzlestein, um etwas davon kennenzulernen.<\/p>\n<p style=\"text-align: justify;\"><strong>Weiterf\u00fchrend <\/strong><\/p>\n<p style=\"text-align: justify;\"><strong>\u2192 <\/strong>Ein Portr\u00e4t von Sophie Reyer findet sich\u00a0<a href=\"http:\/\/www.editiondaslabor.de\/blog\/?p=18115\">hier<\/a>.<\/p>\n<p style=\"text-align: justify;\"><strong>\u2192 <\/strong>In ihrem preisgekr\u00f6nten Essay <a href=\"http:\/\/www.editiondaslabor.de\/blog\/?p=17985\"><em>Referenzuniversum<\/em><\/a> geht Sophie Reyer der Frage nach, wie das Schreiben durch das schreibende Analysieren gebrochen wird.<\/p>\n<p style=\"text-align: justify;\"><strong>\u2192 <\/strong>Die Sprechpartitur <em>Wortspielhalle<\/em> wurde mit dem <a href=\"http:\/\/www.editiondaslabor.de\/blog\/?p=22035\">lime_lab<\/a> ausgezeichnet. Einen Artikel zum Konzept von <a href=\"http:\/\/de.wikipedia.org\/wiki\/Sophie_Reyer\">Sophie Reyer<\/a> und A.J. Weigoni lesen Sie <a href=\"http:\/\/www.editiondaslabor.de\/blog\/?p=19038\">hier<\/a>. Vertiefend zur Lekt\u00fcre empfohlen sei auch\u00a0das Kollegengespr\u00e4ch\u00a0<a href=\"http:\/\/www.editiondaslabor.de\/blog\/?p=19055\">:2= Verweisungszeichen zur Twitteratur<\/a>\u00a0von Reyer und Weigoni zum Projekt\u00a0<em>Wortspielhalle<\/em>. Eine <a href=\"http:\/\/www.editiondaslabor.de\/blog\/2014\/10\/19\/hoeherwertige-konfiguration\/\">h\u00f6herwertige Konfiguration<\/a> entdeckt Constanze Schmidt in dieser Collaboration. Holger Benkel lauscht <a href=\"http:\/\/www.editiondaslabor.de\/blog\/2014\/10\/29\/zikaden-und-haeher\/\">Zikaden und H\u00e4her<\/a>n nach. <span data-offset-key=\"7ldlg-0-0\">Ein weiterer Blick beleuchtet die <a href=\"http:\/\/www.editiondaslabor.de\/blog\/2015\/10\/20\/erkenntnisinstrument\/\">Inventionen<\/a> von Peter Meilchen. <\/span>Ein Essay fasst dieses <a href=\"http:\/\/www.editiondaslabor.de\/blog\/2021\/04\/14\/bi-textualitaet\/\"><em>transmediale Projekt <\/em><\/a>zusammen<em>. <\/em>Eine W\u00fcrdigung des Lebenswerks von Peter Meilchen findet sich <a href=\"http:\/\/www.editiondaslabor.de\/blog\/?p=12763\">hier<\/a>. Alle <em>LiteraturClips<\/em> dieses Projekts k\u00f6nnen <a href=\"http:\/\/www.editiondaslabor.de\/blog\/?author=124\">hier<\/a> abgerufen werden. H\u00f6ren kann man einen Auszug aus der <em>Wortspielhalle<\/em> in der Reihe <a href=\"http:\/\/vordenker.de\/weigoni\/wortspielhalle.htm\">MetaPhon<\/a>.<\/p>\n<p>&nbsp;<\/p>\n","protected":false},"excerpt":{"rendered":"<p>&nbsp; wenn Bilder aufzucken wieder verschwinden prallt Och von den B\u00e4umen ab ach Schacht &nbsp; das Aug ist ein langschweifiger Stern &nbsp; bewegen sich als Tr\u00e4umer in langen Herbsttagen sind Himmel nach Regen und lugen vor zu uns &nbsp; &nbsp;&hellip;<\/p>\n<p class=\"more-link-p\"><a class=\"more-link\" href=\"http:\/\/www.editiondaslabor.de\/blog\/2021\/07\/11\/87852\/\">Read more &rarr;<\/a><\/p>\n","protected":false},"author":100,"featured_media":99662,"comment_status":"closed","ping_status":"closed","sticky":false,"template":"","format":"standard","meta":{"footnotes":""},"categories":[1],"tags":[394],"class_list":["post-87852","post","type-post","status-publish","format-standard","has-post-thumbnail","hentry","category-literatur","tag-sophie-reyer"],"_links":{"self":[{"href":"http:\/\/www.editiondaslabor.de\/blog\/wp-json\/wp\/v2\/posts\/87852","targetHints":{"allow":["GET"]}}],"collection":[{"href":"http:\/\/www.editiondaslabor.de\/blog\/wp-json\/wp\/v2\/posts"}],"about":[{"href":"http:\/\/www.editiondaslabor.de\/blog\/wp-json\/wp\/v2\/types\/post"}],"author":[{"embeddable":true,"href":"http:\/\/www.editiondaslabor.de\/blog\/wp-json\/wp\/v2\/users\/100"}],"replies":[{"embeddable":true,"href":"http:\/\/www.editiondaslabor.de\/blog\/wp-json\/wp\/v2\/comments?post=87852"}],"version-history":[{"count":1,"href":"http:\/\/www.editiondaslabor.de\/blog\/wp-json\/wp\/v2\/posts\/87852\/revisions"}],"predecessor-version":[{"id":99663,"href":"http:\/\/www.editiondaslabor.de\/blog\/wp-json\/wp\/v2\/posts\/87852\/revisions\/99663"}],"wp:featuredmedia":[{"embeddable":true,"href":"http:\/\/www.editiondaslabor.de\/blog\/wp-json\/wp\/v2\/media\/99662"}],"wp:attachment":[{"href":"http:\/\/www.editiondaslabor.de\/blog\/wp-json\/wp\/v2\/media?parent=87852"}],"wp:term":[{"taxonomy":"category","embeddable":true,"href":"http:\/\/www.editiondaslabor.de\/blog\/wp-json\/wp\/v2\/categories?post=87852"},{"taxonomy":"post_tag","embeddable":true,"href":"http:\/\/www.editiondaslabor.de\/blog\/wp-json\/wp\/v2\/tags?post=87852"}],"curies":[{"name":"wp","href":"https:\/\/api.w.org\/{rel}","templated":true}]}}