{"id":87642,"date":"2011-01-08T00:01:16","date_gmt":"2011-01-07T23:01:16","guid":{"rendered":"http:\/\/www.editiondaslabor.de\/blog\/?p=87642"},"modified":"2022-02-17T17:13:30","modified_gmt":"2022-02-17T16:13:30","slug":"es-galt-aus-den-scherben-neues-zu-bauen","status":"publish","type":"post","link":"http:\/\/www.editiondaslabor.de\/blog\/2011\/01\/08\/es-galt-aus-den-scherben-neues-zu-bauen\/","title":{"rendered":"Es galt aus den Scherben Neues zu bauen"},"content":{"rendered":"<p>&nbsp;<\/p>\n<p style=\"text-align: justify;\">Man kann auch mit M\u00fcllabf\u00e4llen schreien, und das tat ich, indem ich sie zusammenleimte und -nagelte. Ich nannte es Merz, es war aber mein Gebet \u00fcber den siegreichen Ausgang des Krieges, denn noch einmal hatte der Frieden wieder gesiegt. Kaputt war sowieso alles, und es galt aus den Scherben Neues zu bauen. Das aber ist Merz.<i><\/i><\/p>\n<p>&nbsp;<\/p>\n<p>&nbsp;<\/p>\n<p>&nbsp;<\/p>\n<p style=\"text-align: center;\">***<\/p>\n<p style=\"text-align: justify;\"><strong>Das literarische Werk<\/strong> von Kurt Schwitters. <i>Das literarische Werk, Bd. 5: Manifeste und kritische Prosa. K\u00f6ln: DuMont Schauberg, 1981<\/i><\/p>\n<div id=\"attachment_5286\" style=\"width: 219px\" class=\"wp-caption alignleft\"><a href=\"http:\/\/www.editiondaslabor.de\/blog\/wp-content\/uploads\/2012\/06\/220px-Kurt_Schwitters.jpg\"><img loading=\"lazy\" decoding=\"async\" aria-describedby=\"caption-attachment-5286\" class=\"size-medium wp-image-5286\" src=\"http:\/\/www.editiondaslabor.de\/blog\/wp-content\/uploads\/2012\/06\/220px-Kurt_Schwitters-209x300.jpg\" alt=\"\" width=\"209\" height=\"300\" srcset=\"http:\/\/www.editiondaslabor.de\/blog\/wp-content\/uploads\/2012\/06\/220px-Kurt_Schwitters-209x300.jpg 209w, http:\/\/www.editiondaslabor.de\/blog\/wp-content\/uploads\/2012\/06\/220px-Kurt_Schwitters.jpg 220w\" sizes=\"auto, (max-width: 209px) 100vw, 209px\" \/><\/a><p id=\"caption-attachment-5286\" class=\"wp-caption-text\">Kurt Schwitters, vor 1927, auf einer Fotografie von Genja Jonas<\/p><\/div>\n<p style=\"text-align: justify;\">KUNO stellt den vielseitigen K\u00fcnstler aus Hannover in die Ahnenreihe der <em>Twitteratur<\/em>.<\/p>\n<p style=\"text-align: justify;\"><strong>Weiterf\u00fchrend\u00a0\u2192 <\/strong>ein Essay \u00fcber die neue Literaturgattung <a href=\"http:\/\/www.editiondaslabor.de\/blog\/?p=22423\"><em>Twitteratur<\/em><\/a>, sowie ein <a href=\"http:\/\/www.editiondaslabor.de\/blog\/2019\/09\/06\/recap-hungertuchpreis\/\">Recap<\/a> des Hungertuchpreises.<\/p>\n","protected":false},"excerpt":{"rendered":"<p>&nbsp; Man kann auch mit M\u00fcllabf\u00e4llen schreien, und das tat ich, indem ich sie zusammenleimte und -nagelte. Ich nannte es Merz, es war aber mein Gebet \u00fcber den siegreichen Ausgang des Krieges, denn noch einmal hatte der Frieden wieder gesiegt.&hellip;<\/p>\n<p class=\"more-link-p\"><a class=\"more-link\" href=\"http:\/\/www.editiondaslabor.de\/blog\/2011\/01\/08\/es-galt-aus-den-scherben-neues-zu-bauen\/\">Read more &rarr;<\/a><\/p>\n","protected":false},"author":200,"featured_media":97955,"comment_status":"closed","ping_status":"closed","sticky":false,"template":"","format":"standard","meta":{"footnotes":""},"categories":[1],"tags":[474],"class_list":["post-87642","post","type-post","status-publish","format-standard","has-post-thumbnail","hentry","category-literatur","tag-kurt-schwitters"],"_links":{"self":[{"href":"http:\/\/www.editiondaslabor.de\/blog\/wp-json\/wp\/v2\/posts\/87642","targetHints":{"allow":["GET"]}}],"collection":[{"href":"http:\/\/www.editiondaslabor.de\/blog\/wp-json\/wp\/v2\/posts"}],"about":[{"href":"http:\/\/www.editiondaslabor.de\/blog\/wp-json\/wp\/v2\/types\/post"}],"author":[{"embeddable":true,"href":"http:\/\/www.editiondaslabor.de\/blog\/wp-json\/wp\/v2\/users\/200"}],"replies":[{"embeddable":true,"href":"http:\/\/www.editiondaslabor.de\/blog\/wp-json\/wp\/v2\/comments?post=87642"}],"version-history":[{"count":1,"href":"http:\/\/www.editiondaslabor.de\/blog\/wp-json\/wp\/v2\/posts\/87642\/revisions"}],"predecessor-version":[{"id":97967,"href":"http:\/\/www.editiondaslabor.de\/blog\/wp-json\/wp\/v2\/posts\/87642\/revisions\/97967"}],"wp:featuredmedia":[{"embeddable":true,"href":"http:\/\/www.editiondaslabor.de\/blog\/wp-json\/wp\/v2\/media\/97955"}],"wp:attachment":[{"href":"http:\/\/www.editiondaslabor.de\/blog\/wp-json\/wp\/v2\/media?parent=87642"}],"wp:term":[{"taxonomy":"category","embeddable":true,"href":"http:\/\/www.editiondaslabor.de\/blog\/wp-json\/wp\/v2\/categories?post=87642"},{"taxonomy":"post_tag","embeddable":true,"href":"http:\/\/www.editiondaslabor.de\/blog\/wp-json\/wp\/v2\/tags?post=87642"}],"curies":[{"name":"wp","href":"https:\/\/api.w.org\/{rel}","templated":true}]}}