{"id":8755,"date":"2012-11-26T00:01:12","date_gmt":"2012-11-25T23:01:12","guid":{"rendered":"http:\/\/www.editiondaslabor.de\/blog\/?p=8755"},"modified":"2021-12-07T05:52:34","modified_gmt":"2021-12-07T04:52:34","slug":"morgen-am-flus","status":"publish","type":"post","link":"http:\/\/www.editiondaslabor.de\/blog\/2012\/11\/26\/morgen-am-flus\/","title":{"rendered":"Morgen am Flu\u00df"},"content":{"rendered":"<p style=\"text-align: center;\" align=\"center\">\n<p style=\"text-align: center;\" align=\"center\">wach schon im schlaf abgewendet<\/p>\n<p style=\"text-align: center;\" align=\"center\">von mir entroll ich mich gegen den tag<\/p>\n<p style=\"text-align: center;\" align=\"center\">gehe ich taumelnd noch und hastend immer<\/p>\n<p style=\"text-align: center;\" align=\"center\">vom moment fort komm ich an ein ufer<\/p>\n<p style=\"text-align: center;\" align=\"center\">rei\u00dft mich der schritt st\u00fcrzt ich ins wasser<\/p>\n<p style=\"text-align: center;\" align=\"center\">schl\u00fcge mich die angst davor nicht hin<\/p>\n<p style=\"text-align: center;\" align=\"center\">und w\u00e4lzte mich auf wegelosem feld zur\u00fcck<\/p>\n<p style=\"text-align: center;\" align=\"center\">in einer mulde leuchten wei\u00dfe blumen<\/p>\n<p style=\"text-align: center;\" align=\"center\">farbig mir das ist der horizont<\/p>\n<p style=\"text-align: center;\" align=\"center\">\n<p style=\"text-align: center;\" align=\"center\">\n<p style=\"text-align: center;\">* * *<\/p>\n<p style=\"text-align: justify;\">Aus: Holger Benkel: <strong>kindheit und kadaver<\/strong>. <a href=\"http:\/\/www.editiondaslabor.de\/blog\/?p=6898\">Mehr zum Buch<\/a> auf KUNO.<\/p>\n<p style=\"text-align: justify;\"><strong><img loading=\"lazy\" decoding=\"async\" class=\"alignleft size-full wp-image-16637\" src=\"http:\/\/www.editiondaslabor.de\/blog\/wp-content\/uploads\/2013\/12\/Benkel13.jpg\" alt=\"\" width=\"200\" height=\"133\" \/>mei\u00dfelbrut<\/strong>. <em>Gedichte von Holger Benkel<\/em>, mit siebzehn Holzschnitten von Sabine Kunz und einem Nachwort von Volker Drube, Dr. Ziethen Verlag, Oschersleben 2009.<\/p>\n<p style=\"text-align: justify;\">Demn\u00e4chst\u00a0\u2192 <strong>Gedanken, die um Ecken biegen<\/strong>, Aphorismen von Holger Benkel, <a href=\"http:\/\/www.editiondaslabor.de\/\">Edition Das Labor<\/a>, M\u00fclheim 2013.<\/p>\n","protected":false},"excerpt":{"rendered":"<p>wach schon im schlaf abgewendet von mir entroll ich mich gegen den tag gehe ich taumelnd noch und hastend immer vom moment fort komm ich an ein ufer rei\u00dft mich der schritt st\u00fcrzt ich ins wasser schl\u00fcge mich die angst&hellip;<\/p>\n<p class=\"more-link-p\"><a class=\"more-link\" href=\"http:\/\/www.editiondaslabor.de\/blog\/2012\/11\/26\/morgen-am-flus\/\">Read more &rarr;<\/a><\/p>\n","protected":false},"author":36,"featured_media":16637,"comment_status":"open","ping_status":"open","sticky":false,"template":"","format":"standard","meta":{"footnotes":""},"categories":[1],"tags":[94],"class_list":["post-8755","post","type-post","status-publish","format-standard","has-post-thumbnail","hentry","category-literatur","tag-holger-benkel"],"_links":{"self":[{"href":"http:\/\/www.editiondaslabor.de\/blog\/wp-json\/wp\/v2\/posts\/8755","targetHints":{"allow":["GET"]}}],"collection":[{"href":"http:\/\/www.editiondaslabor.de\/blog\/wp-json\/wp\/v2\/posts"}],"about":[{"href":"http:\/\/www.editiondaslabor.de\/blog\/wp-json\/wp\/v2\/types\/post"}],"author":[{"embeddable":true,"href":"http:\/\/www.editiondaslabor.de\/blog\/wp-json\/wp\/v2\/users\/36"}],"replies":[{"embeddable":true,"href":"http:\/\/www.editiondaslabor.de\/blog\/wp-json\/wp\/v2\/comments?post=8755"}],"version-history":[{"count":0,"href":"http:\/\/www.editiondaslabor.de\/blog\/wp-json\/wp\/v2\/posts\/8755\/revisions"}],"wp:featuredmedia":[{"embeddable":true,"href":"http:\/\/www.editiondaslabor.de\/blog\/wp-json\/"}],"wp:attachment":[{"href":"http:\/\/www.editiondaslabor.de\/blog\/wp-json\/wp\/v2\/media?parent=8755"}],"wp:term":[{"taxonomy":"category","embeddable":true,"href":"http:\/\/www.editiondaslabor.de\/blog\/wp-json\/wp\/v2\/categories?post=8755"},{"taxonomy":"post_tag","embeddable":true,"href":"http:\/\/www.editiondaslabor.de\/blog\/wp-json\/wp\/v2\/tags?post=8755"}],"curies":[{"name":"wp","href":"https:\/\/api.w.org\/{rel}","templated":true}]}}