{"id":87468,"date":"1999-01-19T00:01:18","date_gmt":"1999-01-18T23:01:18","guid":{"rendered":"http:\/\/www.editiondaslabor.de\/blog\/?p=87468"},"modified":"2022-04-20T15:04:37","modified_gmt":"2022-04-20T13:04:37","slug":"eine-erinnerung-an-alexander-gies","status":"publish","type":"post","link":"http:\/\/www.editiondaslabor.de\/blog\/1999\/01\/19\/eine-erinnerung-an-alexander-gies\/","title":{"rendered":"Eine Erinnerung an Alexander Gies"},"content":{"rendered":"<p>&nbsp;<\/p>\n<p style=\"text-align: justify;\">Der PEN war Br\u00fccke und Beziehungsebene. In den Jahren seiner Pr\u00e4sidentschaft geh\u00f6rte ich so wie schon viele Jahre vorher und noch kurz danach dem Vorstand des \u00d6sterreichischen PEN an; insgesamt etwa zwanzig Jahre lang. Wir respektierten und verstanden einander, kooperierten in manchem auch ganz gut, vor allem was die internationale Agenda betraf. Ich hatte ja meine Kontakte, vor allem zum jugoslawischen Raum. Eingeweiht und zugelassen in das innerste (Macht) Zentrum wurde ich allerdings nie, ich wollte das auch nicht. Stets war ich in einer gewissen Opposition zur F\u00fchrung des \u00d6sterreichischen PEN; und das hatte seine Gr\u00fcnde. Im Lauf der Jahre entwickelte sich zwischen Giese und mir sogar ein freundschaftliches Verh\u00e4ltnis. Dazu trugen gemeinsame Aufenthalte bei PEN-Kongressen und PEN-Konferenzen auf internationaler Ebene bei. An ein solches Zusammensein in Bled und in Prag sowie in Dubrovnik und auf der Insel Hvar erinnere ich mich besonders gut und auch gern. Beim PEN-Welt-Kongre\u00df 1992 in Dubrovnik, der aus Sicherheitsgr\u00fcnden (Jugoslawienkrieg) auch auf der Insel Hvar stattfand, war es aber auch, da\u00df eine Initiative von mir die auch von Giese so gern angestrebte Harmonie st\u00f6rte; seither war eine zwar nicht sichtbare, jedoch sp\u00fcrbare Barriere zwischen uns. Ich hatte mir n\u00e4mlich erlaubt, mit dem Gerede von F\u00fchrungsfunktion\u00e4ren des Internationalen PEN zum Jugoslawienkrieg und der f\u00fcr den PEN geforderten \u201e\u00c4quidistanz\u201c zu beiden Kriegsparteien (Serben\/Kroaten) und der proklamierten Neutralit\u00e4t nicht einverstanden zu sein. Mit meiner Meinung und Haltung, da\u00df es selbstverst\u00e4ndlich einen zu benennenden Aggressor (Serbien) g\u00e4be, stand ich nicht allein da. Ich empfand die sogenannte Diplomatie des International PEN nicht nur als besch\u00e4mend, sondern auch als Feigheit und als einen Affront. Ich wollte das nicht widerspruchslos und widerstandslos hinnehmen. Und so startete ich die Initiative f\u00fcr eine Gegenoffensive. Und das, so meinte Giese, h\u00e4tte ich auf keinen Fall tun d\u00fcrfen. Ich hole aber bei solchen Angelegenheiten keine Erlaubnis ein, sondern begreife mich als souver\u00e4ne, selbstverantwortliche Pers\u00f6nlichkeit. Ich suchte noch ein paar Gleichgesinnte, versicherte mich ihrer Unterst\u00fctzung und verfa\u00dfte zusammen mit meinem burgenl\u00e4ndischkroatischen Freund Petar\/Peter Tyran eine Resolution, in der ich mich von der vom Internationalen PEN angenommenen Resolution \u00fcber die \u201eNichteinmischung in regionale Angelegenheiten\u201c distanzierte und auf die &#8211; auch politische &#8211; Verantwortung des Schriftstellers hinwies und diese einforderte. Die Pressekonferenz mit Verlesung unserer Resolution organisierten wir im Speisesaal eines Hotels. Unsere Ausf\u00fchrungen hielten wir auf Deutsch, Englisch und in Serbokroatisch. Viele KollegInnen aus anderen PEN-Zentren waren anwesend, ebenso Journalisten. Den Mitgliedern der \u00f6sterreichischen PEN-Delegation gab ich vorher die M\u00f6glichkeit, unsere \u201eResolution\u201c zu unterschreiben, manche taten dies auch, Pr\u00e4sident Giese lehnte emp\u00f6rt ab. Seiner Meinung nach hatten wir nicht das Recht, unsere oppositionelle Meinung \u00f6ffentlich kundzutun. Ich fand eine solche Einstellung nicht kompatibel mit der PEN-Charta, welche die Mitglieder des PEN verpflichtet, f\u00fcr die freie Meinungs\u00e4u\u00dferung einzutreten und zu k\u00e4mpfen.<\/p>\n<div style=\"text-align: justify;\"><\/div>\n<div><\/div>\n<div style=\"text-align: justify;\"><\/div>\n<p style=\"text-align: center;\">***<\/p>\n<p style=\"text-align: justify;\"><strong>Schriftstellerbegegnungen<\/strong> 1960-2010 von Peter Paul Wiplinger, Kitab-Verlag, Klagenfurt, 2010<\/p>\n<div style=\"text-align: justify;\">\n<div style=\"text-align: justify;\">\n<div id=\"attachment_14688\" style=\"width: 310px\" class=\"wp-caption alignleft\"><a href=\"http:\/\/www.editiondaslabor.de\/blog\/wp-content\/uploads\/2013\/12\/pvpr4.jpg\"><img loading=\"lazy\" decoding=\"async\" aria-describedby=\"caption-attachment-14688\" class=\"size-medium wp-image-14688\" src=\"http:\/\/www.editiondaslabor.de\/blog\/wp-content\/uploads\/2013\/12\/pvpr4-300x205.jpg\" alt=\"\" width=\"300\" height=\"205\" srcset=\"http:\/\/www.editiondaslabor.de\/blog\/wp-content\/uploads\/2013\/12\/pvpr4-300x205.jpg 300w, http:\/\/www.editiondaslabor.de\/blog\/wp-content\/uploads\/2013\/12\/pvpr4.jpg 306w\" sizes=\"auto, (max-width: 300px) 100vw, 300px\" \/><\/a><p id=\"caption-attachment-14688\" class=\"wp-caption-text\">Peter Paul Wiplinger bei der Internationalen PEN-Konferenz, Warschau 1999<\/p><\/div>\n<p><strong>Weiterf\u00fchrend \u2192 <\/strong>KUNO sch\u00e4tzt dieses <a href=\"http:\/\/www.editiondaslabor.de\/blog\/2009\/02\/28\/ein-geflecht-aus-perspektiven-und-eindruecken\/\">Geflecht aus Perspektiven und Eindr\u00fccken<\/a>. Weitere Ausk\u00fcnfte gibt der Autor im <a href=\"http:\/\/www.editiondaslabor.de\/blog\/2009\/02\/24\/epilog-zu-schriftstellerbegegnungen-1960-2010\/\">Epilog<\/a> zu den <em>Schriftstellerbegegnungen<\/em>.<\/p>\n<\/div>\n<div style=\"text-align: justify;\"><strong>\u2192<\/strong> Die <em>Kulturnotizen<\/em> (KUNO) setzen die Reihe Kollegengespr\u00e4che in loser Folge ab 2011 fort. So z.B. mit dem vertiefenden <a href=\"http:\/\/www.editiondaslabor.de\/blog\/?p=21407\">Kollegengespr\u00e4ch<\/a> von A.J. Weigoni mit Haimo Hieronymus \u00fcber Material, Medium und Faszination des Werkstoffs Papier. Druck und Papier, manche Traditionen gehen eben nicht verloren.<\/div>\n<p style=\"text-align: justify;\">\n<\/div>\n","protected":false},"excerpt":{"rendered":"<p>&nbsp; Der PEN war Br\u00fccke und Beziehungsebene. In den Jahren seiner Pr\u00e4sidentschaft geh\u00f6rte ich so wie schon viele Jahre vorher und noch kurz danach dem Vorstand des \u00d6sterreichischen PEN an; insgesamt etwa zwanzig Jahre lang. Wir respektierten und verstanden einander,&hellip;<\/p>\n<p class=\"more-link-p\"><a class=\"more-link\" href=\"http:\/\/www.editiondaslabor.de\/blog\/1999\/01\/19\/eine-erinnerung-an-alexander-gies\/\">Read more &rarr;<\/a><\/p>\n","protected":false},"author":98,"featured_media":97941,"comment_status":"closed","ping_status":"closed","sticky":false,"template":"","format":"standard","meta":{"footnotes":""},"categories":[1],"tags":[2965,1142],"class_list":["post-87468","post","type-post","status-publish","format-standard","has-post-thumbnail","hentry","category-literatur","tag-alexander-giese","tag-peter-paul-wiplinger"],"_links":{"self":[{"href":"http:\/\/www.editiondaslabor.de\/blog\/wp-json\/wp\/v2\/posts\/87468","targetHints":{"allow":["GET"]}}],"collection":[{"href":"http:\/\/www.editiondaslabor.de\/blog\/wp-json\/wp\/v2\/posts"}],"about":[{"href":"http:\/\/www.editiondaslabor.de\/blog\/wp-json\/wp\/v2\/types\/post"}],"author":[{"embeddable":true,"href":"http:\/\/www.editiondaslabor.de\/blog\/wp-json\/wp\/v2\/users\/98"}],"replies":[{"embeddable":true,"href":"http:\/\/www.editiondaslabor.de\/blog\/wp-json\/wp\/v2\/comments?post=87468"}],"version-history":[{"count":1,"href":"http:\/\/www.editiondaslabor.de\/blog\/wp-json\/wp\/v2\/posts\/87468\/revisions"}],"predecessor-version":[{"id":102766,"href":"http:\/\/www.editiondaslabor.de\/blog\/wp-json\/wp\/v2\/posts\/87468\/revisions\/102766"}],"wp:featuredmedia":[{"embeddable":true,"href":"http:\/\/www.editiondaslabor.de\/blog\/wp-json\/wp\/v2\/media\/97941"}],"wp:attachment":[{"href":"http:\/\/www.editiondaslabor.de\/blog\/wp-json\/wp\/v2\/media?parent=87468"}],"wp:term":[{"taxonomy":"category","embeddable":true,"href":"http:\/\/www.editiondaslabor.de\/blog\/wp-json\/wp\/v2\/categories?post=87468"},{"taxonomy":"post_tag","embeddable":true,"href":"http:\/\/www.editiondaslabor.de\/blog\/wp-json\/wp\/v2\/tags?post=87468"}],"curies":[{"name":"wp","href":"https:\/\/api.w.org\/{rel}","templated":true}]}}