{"id":87091,"date":"1995-04-20T00:01:48","date_gmt":"1995-04-19T22:01:48","guid":{"rendered":"http:\/\/www.editiondaslabor.de\/blog\/?p=87091"},"modified":"2022-02-23T14:28:18","modified_gmt":"2022-02-23T13:28:18","slug":"die-zwiebelgaertchen","status":"publish","type":"post","link":"http:\/\/www.editiondaslabor.de\/blog\/1995\/04\/20\/die-zwiebelgaertchen\/","title":{"rendered":"Die Zwiebelg\u00e4rtchen"},"content":{"rendered":"<p>&nbsp;<\/p>\n<p><span id=\"page3R_mcid3\" class=\"markedContent\"><span dir=\"ltr\">In Afrika sah\u00a0<\/span><span dir=\"ltr\">ich G\u00e4rten<\/span><\/span><\/p>\n<p><span id=\"page3R_mcid3\" class=\"markedContent\"><span dir=\"ltr\">mit zwei Armen zu umfassen<\/span><\/span><\/p>\n<p><span id=\"page3R_mcid3\" class=\"markedContent\"><span dir=\"ltr\">und mit Sorgfalt von winzigen W\u00e4llen<\/span><\/span><\/p>\n<p><span id=\"page3R_mcid3\" class=\"markedContent\"><span dir=\"ltr\">gelber Erde gerahmt<\/span><\/span><\/p>\n<p><span id=\"page3R_mcid3\" class=\"markedContent\"><span dir=\"ltr\">Blaugr\u00fcne Zwiebelchen wuchsen darin<\/span><\/span><\/p>\n<p>&nbsp;<\/p>\n<p><span id=\"page3R_mcid4\" class=\"markedContent\"><span dir=\"ltr\">In Kalebassen holten die Frauen<\/span><\/span><\/p>\n<p><span id=\"page3R_mcid4\" class=\"markedContent\"><span dir=\"ltr\">Wasser vom Fluss<\/span><\/span><\/p>\n<p><span id=\"page3R_mcid4\" class=\"markedContent\"><span dir=\"ltr\">Es ging kein Tropfen verloren<\/span><\/span><\/p>\n<p><span id=\"page3R_mcid4\" class=\"markedContent\"><span dir=\"ltr\">Aufrecht stand jedes blaugr\u00fcne Zwiebelchen<\/span><\/span><\/p>\n<p><span id=\"page3R_mcid4\" class=\"markedContent\"><span dir=\"ltr\">al<\/span><span dir=\"ltr\">s w\u00fcsst es um seine Bedeutung<\/span><\/span><\/p>\n<p>&nbsp;<\/p>\n<p>&nbsp;<\/p>\n<p>&nbsp;<\/p>\n<p style=\"text-align: center;\">***<\/p>\n<p><strong>Schlemihls Tochter<\/strong><i>.<\/i> Gedichte von Elisabeth Schawerda. Edition Atelier, Wien 1991.<\/p>\n<div id=\"attachment_87094\" style=\"width: 160px\" class=\"wp-caption alignleft\"><a href=\"http:\/\/www.editiondaslabor.de\/blog\/wp-content\/uploads\/1995\/04\/schawerda_Portraet_Wiplinger.jpg\"><img loading=\"lazy\" decoding=\"async\" aria-describedby=\"caption-attachment-87094\" class=\"wp-image-87094 size-full\" src=\"http:\/\/www.editiondaslabor.de\/blog\/wp-content\/uploads\/1995\/04\/schawerda_Portraet_Wiplinger.jpg\" alt=\"\" width=\"150\" height=\"188\" \/><\/a><p id=\"caption-attachment-87094\" class=\"wp-caption-text\">Portr\u00e4t: Peter Paul Wiplinger<\/p><\/div>\n<p style=\"text-align: justify;\"><strong>Weiterf\u00fchrend \u2192<\/strong>\u00a0Poesie z\u00e4hlt f\u00fcr KUNO weiterhin zu den identit\u00e4ts- und identifikationstiftenden Elementen einer Kultur, dies bezeugte auch der Versuch einer <a href=\"http:\/\/www.editiondaslabor.de\/blog\/?p=25630\">poetologischen Positionsbestimmung<\/a>.<\/p>\n","protected":false},"excerpt":{"rendered":"<p>&nbsp; In Afrika sah\u00a0ich G\u00e4rten mit zwei Armen zu umfassen und mit Sorgfalt von winzigen W\u00e4llen gelber Erde gerahmt Blaugr\u00fcne Zwiebelchen wuchsen darin &nbsp; In Kalebassen holten die Frauen Wasser vom Fluss Es ging kein Tropfen verloren Aufrecht stand jedes&hellip;<\/p>\n<p class=\"more-link-p\"><a class=\"more-link\" href=\"http:\/\/www.editiondaslabor.de\/blog\/1995\/04\/20\/die-zwiebelgaertchen\/\">Read more &rarr;<\/a><\/p>\n","protected":false},"author":86,"featured_media":99915,"comment_status":"closed","ping_status":"closed","sticky":false,"template":"","format":"standard","meta":{"footnotes":""},"categories":[1],"tags":[1141],"class_list":["post-87091","post","type-post","status-publish","format-standard","has-post-thumbnail","hentry","category-literatur","tag-elisabeth-schawerda"],"_links":{"self":[{"href":"http:\/\/www.editiondaslabor.de\/blog\/wp-json\/wp\/v2\/posts\/87091","targetHints":{"allow":["GET"]}}],"collection":[{"href":"http:\/\/www.editiondaslabor.de\/blog\/wp-json\/wp\/v2\/posts"}],"about":[{"href":"http:\/\/www.editiondaslabor.de\/blog\/wp-json\/wp\/v2\/types\/post"}],"author":[{"embeddable":true,"href":"http:\/\/www.editiondaslabor.de\/blog\/wp-json\/wp\/v2\/users\/86"}],"replies":[{"embeddable":true,"href":"http:\/\/www.editiondaslabor.de\/blog\/wp-json\/wp\/v2\/comments?post=87091"}],"version-history":[{"count":1,"href":"http:\/\/www.editiondaslabor.de\/blog\/wp-json\/wp\/v2\/posts\/87091\/revisions"}],"predecessor-version":[{"id":99917,"href":"http:\/\/www.editiondaslabor.de\/blog\/wp-json\/wp\/v2\/posts\/87091\/revisions\/99917"}],"wp:featuredmedia":[{"embeddable":true,"href":"http:\/\/www.editiondaslabor.de\/blog\/wp-json\/wp\/v2\/media\/99915"}],"wp:attachment":[{"href":"http:\/\/www.editiondaslabor.de\/blog\/wp-json\/wp\/v2\/media?parent=87091"}],"wp:term":[{"taxonomy":"category","embeddable":true,"href":"http:\/\/www.editiondaslabor.de\/blog\/wp-json\/wp\/v2\/categories?post=87091"},{"taxonomy":"post_tag","embeddable":true,"href":"http:\/\/www.editiondaslabor.de\/blog\/wp-json\/wp\/v2\/tags?post=87091"}],"curies":[{"name":"wp","href":"https:\/\/api.w.org\/{rel}","templated":true}]}}