{"id":86943,"date":"2003-06-30T00:01:37","date_gmt":"2003-06-29T22:01:37","guid":{"rendered":"http:\/\/www.editiondaslabor.de\/blog\/?p=86943"},"modified":"2022-06-06T13:52:43","modified_gmt":"2022-06-06T11:52:43","slug":"weit-verbreitet","status":"publish","type":"post","link":"http:\/\/www.editiondaslabor.de\/blog\/2003\/06\/30\/weit-verbreitet\/","title":{"rendered":"Weit verbreitet"},"content":{"rendered":"<p>&nbsp;<\/p>\n<p>Romantische Menschen<\/p>\n<p>s\u00fcchtig nach mehr,<\/p>\n<p>nach gestern und morgen<\/p>\n<p>nach Wolke und Meer.<\/p>\n<p>Manch einer will reich sein;<\/p>\n<p>Gewinner!<\/p>\n<p>Gl\u00fcckspilz!<\/p>\n<p>Am liebsten unsuchend finden.<\/p>\n<p>Schade.<\/p>\n<p>Der Gl\u00fcckliche sucht nicht.<\/p>\n<p>Der Entt\u00e4uschte<\/p>\n<p>mag nicht.<\/p>\n<p>&nbsp;<\/p>\n<p>&nbsp;<\/p>\n<p>&nbsp;<\/p>\n<p style=\"text-align: center;\">***<\/p>\n<p style=\"text-align: justify;\"><strong>Beeren sind kleiner als B\u00e4ren, <\/strong>Gedichte von Joanna Lisiak. Nimrod-Literaturverlag, 2003<\/p>\n<p style=\"text-align: justify;\"><a href=\"http:\/\/www.editiondaslabor.de\/blog\/wp-content\/uploads\/2021\/06\/beeren_sind_kleiner_als_baeren.jpg\"><img loading=\"lazy\" decoding=\"async\" class=\"size-medium wp-image-86962 alignleft\" src=\"http:\/\/www.editiondaslabor.de\/blog\/wp-content\/uploads\/2021\/06\/beeren_sind_kleiner_als_baeren-184x300.jpg\" alt=\"\" width=\"184\" height=\"300\" srcset=\"http:\/\/www.editiondaslabor.de\/blog\/wp-content\/uploads\/2021\/06\/beeren_sind_kleiner_als_baeren-184x300.jpg 184w, http:\/\/www.editiondaslabor.de\/blog\/wp-content\/uploads\/2021\/06\/beeren_sind_kleiner_als_baeren-560x914.jpg 560w, http:\/\/www.editiondaslabor.de\/blog\/wp-content\/uploads\/2021\/06\/beeren_sind_kleiner_als_baeren-260x424.jpg 260w, http:\/\/www.editiondaslabor.de\/blog\/wp-content\/uploads\/2021\/06\/beeren_sind_kleiner_als_baeren-160x261.jpg 160w, http:\/\/www.editiondaslabor.de\/blog\/wp-content\/uploads\/2021\/06\/beeren_sind_kleiner_als_baeren.jpg 613w\" sizes=\"auto, (max-width: 184px) 100vw, 184px\" \/><\/a>Der andere Blick auf das Einfache eines Lebens oder der einfache Blick auf das Komplexe des Lebens kennzeichnen Joanna Lisiaks Gedichte. Schr\u00e4ge, aussagekr\u00e4ftige Lyrik,<br \/>\ndie dem Lesenden Denkanst\u00f6sse gibt. Es sind schlichte Gedichte in einer n\u00fcchternen, verspielten Sprache. Manchmal unkonventionell wird man immer wieder an die Einmaligkeit und Unvollkommenheit des menschlichen Daseins erinnert. Ein Buch voller Optimismus und Ironie, auch wenn vielschichtige Sachverhalte oder tiefe Gehalte er\u00f6rtert werden.<\/p>\n<p style=\"text-align: justify;\"><strong>Weiterf\u00fchrend \u2192<\/strong><\/p>\n<p style=\"text-align: justify;\">Holger Benkel denkt in einem Rezensionsessay anhand des Blempek \u00fcber <a href=\"http:\/\/www.editiondaslabor.de\/blog\/2020\/10\/26\/kleine-dinge-mit-seelen-oder-im-originellen-wohnt-auch-sonderbares\/\">kleine dinge mit seelen<\/a> nach. Lesen Sie auch das <a href=\"http:\/\/www.editiondaslabor.de\/blog\/?p=31414\">Portr\u00e4t<\/a> der Autorin und das <a href=\"http:\/\/www.editiondaslabor.de\/blog\/?p=30534\">Kollegengespr\u00e4ch<\/a> zwischen Sebastian Schmidt und Joanna Lisiak. Holger Benkel denkt in einem weiteren Rezensionsessay \u00fcber den <a href=\"http:\/\/www.editiondaslabor.de\/blog\/2019\/04\/30\/vom-sinn-der-wendungen\/\">sinn der wendungen<\/a> nach. KUNO verleiht der Autorin f\u00fcr das Projekt <em>Gedankenstriche<\/em> den Twitteraturpreis 2016. \u00dcber die Literaturgattung <em>Twitteratur<\/em> finden Sie <a href=\"http:\/\/www.editiondaslabor.de\/blog\/?p=22423\">hier<\/a> einen Essay.<\/p>\n<p style=\"text-align: justify;\">\n","protected":false},"excerpt":{"rendered":"<p>&nbsp; Romantische Menschen s\u00fcchtig nach mehr, nach gestern und morgen nach Wolke und Meer. Manch einer will reich sein; Gewinner! Gl\u00fcckspilz! Am liebsten unsuchend finden. Schade. Der Gl\u00fcckliche sucht nicht. Der Entt\u00e4uschte mag nicht. &nbsp; &nbsp; &nbsp; *** Beeren sind&hellip;<\/p>\n<p class=\"more-link-p\"><a class=\"more-link\" href=\"http:\/\/www.editiondaslabor.de\/blog\/2003\/06\/30\/weit-verbreitet\/\">Read more &rarr;<\/a><\/p>\n","protected":false},"author":149,"featured_media":99176,"comment_status":"closed","ping_status":"closed","sticky":false,"template":"","format":"standard","meta":{"footnotes":""},"categories":[1],"tags":[1803],"class_list":["post-86943","post","type-post","status-publish","format-standard","has-post-thumbnail","hentry","category-literatur","tag-joanna-lisiak"],"_links":{"self":[{"href":"http:\/\/www.editiondaslabor.de\/blog\/wp-json\/wp\/v2\/posts\/86943","targetHints":{"allow":["GET"]}}],"collection":[{"href":"http:\/\/www.editiondaslabor.de\/blog\/wp-json\/wp\/v2\/posts"}],"about":[{"href":"http:\/\/www.editiondaslabor.de\/blog\/wp-json\/wp\/v2\/types\/post"}],"author":[{"embeddable":true,"href":"http:\/\/www.editiondaslabor.de\/blog\/wp-json\/wp\/v2\/users\/149"}],"replies":[{"embeddable":true,"href":"http:\/\/www.editiondaslabor.de\/blog\/wp-json\/wp\/v2\/comments?post=86943"}],"version-history":[{"count":1,"href":"http:\/\/www.editiondaslabor.de\/blog\/wp-json\/wp\/v2\/posts\/86943\/revisions"}],"predecessor-version":[{"id":103525,"href":"http:\/\/www.editiondaslabor.de\/blog\/wp-json\/wp\/v2\/posts\/86943\/revisions\/103525"}],"wp:featuredmedia":[{"embeddable":true,"href":"http:\/\/www.editiondaslabor.de\/blog\/wp-json\/wp\/v2\/media\/99176"}],"wp:attachment":[{"href":"http:\/\/www.editiondaslabor.de\/blog\/wp-json\/wp\/v2\/media?parent=86943"}],"wp:term":[{"taxonomy":"category","embeddable":true,"href":"http:\/\/www.editiondaslabor.de\/blog\/wp-json\/wp\/v2\/categories?post=86943"},{"taxonomy":"post_tag","embeddable":true,"href":"http:\/\/www.editiondaslabor.de\/blog\/wp-json\/wp\/v2\/tags?post=86943"}],"curies":[{"name":"wp","href":"https:\/\/api.w.org\/{rel}","templated":true}]}}