{"id":86920,"date":"2003-07-14T00:01:57","date_gmt":"2003-07-13T22:01:57","guid":{"rendered":"http:\/\/www.editiondaslabor.de\/blog\/?p=86920"},"modified":"2022-08-28T07:50:42","modified_gmt":"2022-08-28T05:50:42","slug":"zwischen-den-schritten","status":"publish","type":"post","link":"http:\/\/www.editiondaslabor.de\/blog\/2003\/07\/14\/zwischen-den-schritten\/","title":{"rendered":"zwischen den schritten"},"content":{"rendered":"<p>&nbsp;<\/p>\n<p style=\"text-align: justify;\">beschwerlich ist der weg, ist das gehen, gehen, angst vor dem n\u00e4chsten schritt j\u00e4mmerliche banalit\u00e4t, was, wenns nicht weitergeht: ein bein bleibt stehen, eins geneigt zum Wechsel, \u00a0sekundenkurz,<\/p>\n<p style=\"text-align: justify;\">ehe das gleichgewicht unhaltbar wird &#8211; in der luft sind keine haltegriffe, die augen k\u00f6nnen sich nicht im umraum festhalten, es zittert der sockel der den rest tr\u00e4gt, br\u00fcchiges st\u00fcck fleisch, ortszeiger: wo bleibt dein wohin, das woher n\u00fctzt dir nichts; aus dem gehirn schie\u00dft der befehl an die arme: paddelt im seichten, ungreifbaren des luftraums schneller und schneller schwankt der leib, blitzschnelle bewegung schafft konstantes &#8211; aber doch nur f\u00fcrs auge, nicht f\u00fcr diese masse Ich hier, die halten will was unhaltbar ist auf dauer, blo\u00df nicht, sagt es, das gesicht auf den boden den kopf nicht, so bei\u00df doch in die luft, vielleicht l\u00e4\u00dft jemand ein seil herunter, jetzt wei\u00dft du schon, du wirst st\u00fcrzen: wahl bleibt zwischen frontalem und r\u00fcckw\u00e4ndigem Sturz &#8211; was ich nicht ansteuern kann mit den augen, ist mir unheimlich, also vorw\u00e4rts, zumindest dein kopf, die h\u00f6chste stelle deines leibes wird weiter sein, als es der letzte schritt vermochte &#8211; ja, triumphiert das zerdachte gehirn, auch eine spur wird es geben, eindringlicher, als es schritte je verm\u00f6gen, was nicht in die luft bei\u00dfen kann, wird in Stein bei\u00dfen, fallen will gelernt sein, also ruhe bewahren, um dich zu bewahren vor der schmach, j\u00e4mmerlich zu verenden, &#8211; indem dein kopf unz\u00e4hlige variationen des sicheren fallens erdenkt, w\u00e4hrend er ausblutet &#8211; das sichere fallen wird ein flie\u00dfen in den tod, ein vergehen ohne schrittweisheit &#8230;<\/p>\n<p style=\"text-align: justify;\"><em>ein bein steht, das andere geneigt zum wechsel, es atmet der blick den n\u00e4chsten schritt, der wechsel findet statt, linkes bein, rechtes bein, bein auf Stein, weiter und weiter. . .<\/em><\/p>\n<h4 style=\"text-align: justify;\"><\/h4>\n<p>&nbsp;<\/p>\n<p>&nbsp;<\/p>\n<div id=\"attachment_19500\" style=\"width: 309px\" class=\"wp-caption alignleft\"><a href=\"http:\/\/www.editiondaslabor.de\/blog\/wp-content\/uploads\/2013\/11\/Angelika-Janz.jpg\"><img loading=\"lazy\" decoding=\"async\" aria-describedby=\"caption-attachment-19500\" class=\"size-full wp-image-19500\" src=\"http:\/\/www.editiondaslabor.de\/blog\/wp-content\/uploads\/2013\/11\/Angelika-Janz.jpg\" alt=\"\" width=\"299\" height=\"253\" \/><\/a><p id=\"caption-attachment-19500\" class=\"wp-caption-text\">Angelika Janz<\/p><\/div>\n<p style=\"text-align: justify;\"><strong>Weiterf\u00fchrend\u00a0\u2192\u00a0<\/strong><\/p>\n<p style=\"text-align: justify;\">Lesen Sie auch das <a href=\"http:\/\/www.editiondaslabor.de\/blog\/?p=36409\">Kollegengespr\u00e4ch<\/a>, das A.J. Weigoni mit Angelika Janz \u00fcber den Zyklus <em>fern, fern<\/em> gef\u00fchrt hat. Vertiefend ein <a href=\"http:\/\/www.editiondaslabor.de\/blog\/?p=22835\">Portr\u00e4t <\/a>\u00fcber ihre interdisziplin\u00e4re T\u00e4tigkeit, sowie einen <a href=\"http:\/\/www.editiondaslabor.de\/blog\/?p=29450\">Essay<\/a> der <em>Fragmenttexterin<\/em>. Ebenfalls im KUNO-Archiv: Jan Kuhlbrodt mit einer <a href=\"http:\/\/www.editiondaslabor.de\/blog\/2012\/11\/05\/asthetische-prothetik\/\">Ann\u00e4herung<\/a> an die visuellen Arbeiten von Angelika Janz. Und nicht zuletzt, Michael Gratz \u00fcber Angelika Janz\u2018<a href=\"http:\/\/www.editiondaslabor.de\/blog\/2012\/11\/05\/freiraum\/\"> tEXt bILd<\/a><\/p>\n","protected":false},"excerpt":{"rendered":"<p>&nbsp; beschwerlich ist der weg, ist das gehen, gehen, angst vor dem n\u00e4chsten schritt j\u00e4mmerliche banalit\u00e4t, was, wenns nicht weitergeht: ein bein bleibt stehen, eins geneigt zum Wechsel, \u00a0sekundenkurz, ehe das gleichgewicht unhaltbar wird &#8211; in der luft sind keine&hellip;<\/p>\n<p class=\"more-link-p\"><a class=\"more-link\" href=\"http:\/\/www.editiondaslabor.de\/blog\/2003\/07\/14\/zwischen-den-schritten\/\">Read more &rarr;<\/a><\/p>\n","protected":false},"author":53,"featured_media":97863,"comment_status":"closed","ping_status":"closed","sticky":false,"template":"","format":"standard","meta":{"footnotes":""},"categories":[1],"tags":[918],"class_list":["post-86920","post","type-post","status-publish","format-standard","has-post-thumbnail","hentry","category-literatur","tag-angelika-janz"],"_links":{"self":[{"href":"http:\/\/www.editiondaslabor.de\/blog\/wp-json\/wp\/v2\/posts\/86920","targetHints":{"allow":["GET"]}}],"collection":[{"href":"http:\/\/www.editiondaslabor.de\/blog\/wp-json\/wp\/v2\/posts"}],"about":[{"href":"http:\/\/www.editiondaslabor.de\/blog\/wp-json\/wp\/v2\/types\/post"}],"author":[{"embeddable":true,"href":"http:\/\/www.editiondaslabor.de\/blog\/wp-json\/wp\/v2\/users\/53"}],"replies":[{"embeddable":true,"href":"http:\/\/www.editiondaslabor.de\/blog\/wp-json\/wp\/v2\/comments?post=86920"}],"version-history":[{"count":2,"href":"http:\/\/www.editiondaslabor.de\/blog\/wp-json\/wp\/v2\/posts\/86920\/revisions"}],"predecessor-version":[{"id":103972,"href":"http:\/\/www.editiondaslabor.de\/blog\/wp-json\/wp\/v2\/posts\/86920\/revisions\/103972"}],"wp:featuredmedia":[{"embeddable":true,"href":"http:\/\/www.editiondaslabor.de\/blog\/wp-json\/wp\/v2\/media\/97863"}],"wp:attachment":[{"href":"http:\/\/www.editiondaslabor.de\/blog\/wp-json\/wp\/v2\/media?parent=86920"}],"wp:term":[{"taxonomy":"category","embeddable":true,"href":"http:\/\/www.editiondaslabor.de\/blog\/wp-json\/wp\/v2\/categories?post=86920"},{"taxonomy":"post_tag","embeddable":true,"href":"http:\/\/www.editiondaslabor.de\/blog\/wp-json\/wp\/v2\/tags?post=86920"}],"curies":[{"name":"wp","href":"https:\/\/api.w.org\/{rel}","templated":true}]}}