{"id":86849,"date":"2012-11-15T00:01:07","date_gmt":"2012-11-14T23:01:07","guid":{"rendered":"http:\/\/www.editiondaslabor.de\/blog\/?p=86849"},"modified":"2021-12-07T05:51:07","modified_gmt":"2021-12-07T04:51:07","slug":"text","status":"publish","type":"post","link":"http:\/\/www.editiondaslabor.de\/blog\/2012\/11\/15\/text\/","title":{"rendered":"tEXt"},"content":{"rendered":"<p><a href=\"http:\/\/www.editiondaslabor.de\/blog\/wp-content\/uploads\/2021\/06\/plakat-janz-klein-scaled.jpg\"><img loading=\"lazy\" decoding=\"async\" class=\"aligncenter wp-image-86850 size-full\" src=\"http:\/\/www.editiondaslabor.de\/blog\/wp-content\/uploads\/2021\/06\/plakat-janz-klein-scaled.jpg\" alt=\"\" width=\"1750\" height=\"2560\" srcset=\"http:\/\/www.editiondaslabor.de\/blog\/wp-content\/uploads\/2021\/06\/plakat-janz-klein-scaled.jpg 1750w, http:\/\/www.editiondaslabor.de\/blog\/wp-content\/uploads\/2021\/06\/plakat-janz-klein-205x300.jpg 205w, http:\/\/www.editiondaslabor.de\/blog\/wp-content\/uploads\/2021\/06\/plakat-janz-klein-700x1024.jpg 700w, http:\/\/www.editiondaslabor.de\/blog\/wp-content\/uploads\/2021\/06\/plakat-janz-klein-768x1123.jpg 768w, http:\/\/www.editiondaslabor.de\/blog\/wp-content\/uploads\/2021\/06\/plakat-janz-klein-1050x1536.jpg 1050w, http:\/\/www.editiondaslabor.de\/blog\/wp-content\/uploads\/2021\/06\/plakat-janz-klein-1400x2048.jpg 1400w, http:\/\/www.editiondaslabor.de\/blog\/wp-content\/uploads\/2021\/06\/plakat-janz-klein-560x819.jpg 560w, http:\/\/www.editiondaslabor.de\/blog\/wp-content\/uploads\/2021\/06\/plakat-janz-klein-260x380.jpg 260w, http:\/\/www.editiondaslabor.de\/blog\/wp-content\/uploads\/2021\/06\/plakat-janz-klein-160x234.jpg 160w\" sizes=\"auto, (max-width: 1750px) 100vw, 1750px\" \/><\/a><\/p>\n<p style=\"text-align: justify;\">Heute findet um 20.00 Uhr eine Finissage zur Ausstellung \u201ctEXt bILd\u201d von Angelika Janz im Falladahaus Greifswald statt. Kunst ohne Worte kann man sich bei einem Blick auf das Schaffen der K\u00fcnstlerin und Autorin Angelika Janz nur schwer vorstellen. Bei ihr wird die Sprache zum Material und zur Form zugleich.<\/p>\n<p style=\"text-align: justify;\">Die Fragmenttexte von Angelika Janz, die einen gro\u00dfen Schwerpunkt ihres Schaffens und unserer Ausstellung ausmachen, entstehen, indem ein ausgeschnittener Textkern an seinen R\u00e4ndern erg\u00e4nzt wird. Durch Schreibmaschine, Stempel oder Letra-Set entsteht ein neuer Text, der sich mit der komplexen Ereignis-, Ding- und Sprachwelt facettenreich und hintergr\u00fcndig auseinandersetzt.<\/p>\n<h5 style=\"text-align: justify;\">Weiterf\u00fchrend \u2192<\/h5>\n<p style=\"text-align: justify;\">Lesen Sie auch das <a href=\"http:\/\/www.editiondaslabor.de\/blog\/?p=36409\">Kollegengespr\u00e4ch<\/a>, das A.J. Weigoni mit Angelika Janz \u00fcber den Zyklus fern, fern gef\u00fchrt hat. Vertiefend ein <a href=\"http:\/\/www.editiondaslabor.de\/blog\/?p=22835\">Portr\u00e4t <\/a>\u00fcber ihre interdisziplin\u00e4re T\u00e4tigkeit, sowie einen <a href=\"http:\/\/www.editiondaslabor.de\/blog\/?p=29450\">Essay<\/a> der Fragmenttexterin. Ebenfalls im KUNO-Archiv: <span class=\"_247o\" data-offset-key=\"5kmn0-1-0\">Jan Kuhlbrodt<\/span> mit einer <a href=\"http:\/\/www.editiondaslabor.de\/blog\/2012\/11\/05\/asthetische-prothetik\/\">Ann\u00e4herung<\/a> an die visuellen Arbeiten von Angelika Janz. Und nicht zuletzt, Michael Gratz \u00fcber Angelika Janz\u2018<a href=\"http:\/\/www.editiondaslabor.de\/blog\/2012\/11\/05\/freiraum\/\"> tEXt bILd<\/a><\/p>\n","protected":false},"excerpt":{"rendered":"<p>Heute findet um 20.00 Uhr eine Finissage zur Ausstellung \u201ctEXt bILd\u201d von Angelika Janz im Falladahaus Greifswald statt. Kunst ohne Worte kann man sich bei einem Blick auf das Schaffen der K\u00fcnstlerin und Autorin Angelika Janz nur schwer vorstellen. Bei&hellip;<\/p>\n<p class=\"more-link-p\"><a class=\"more-link\" href=\"http:\/\/www.editiondaslabor.de\/blog\/2012\/11\/15\/text\/\">Read more &rarr;<\/a><\/p>\n","protected":false},"author":2,"featured_media":86850,"comment_status":"closed","ping_status":"closed","sticky":false,"template":"","format":"standard","meta":{"footnotes":""},"categories":[1],"tags":[918],"class_list":["post-86849","post","type-post","status-publish","format-standard","has-post-thumbnail","hentry","category-literatur","tag-angelika-janz"],"_links":{"self":[{"href":"http:\/\/www.editiondaslabor.de\/blog\/wp-json\/wp\/v2\/posts\/86849","targetHints":{"allow":["GET"]}}],"collection":[{"href":"http:\/\/www.editiondaslabor.de\/blog\/wp-json\/wp\/v2\/posts"}],"about":[{"href":"http:\/\/www.editiondaslabor.de\/blog\/wp-json\/wp\/v2\/types\/post"}],"author":[{"embeddable":true,"href":"http:\/\/www.editiondaslabor.de\/blog\/wp-json\/wp\/v2\/users\/2"}],"replies":[{"embeddable":true,"href":"http:\/\/www.editiondaslabor.de\/blog\/wp-json\/wp\/v2\/comments?post=86849"}],"version-history":[{"count":0,"href":"http:\/\/www.editiondaslabor.de\/blog\/wp-json\/wp\/v2\/posts\/86849\/revisions"}],"wp:featuredmedia":[{"embeddable":true,"href":"http:\/\/www.editiondaslabor.de\/blog\/wp-json\/"}],"wp:attachment":[{"href":"http:\/\/www.editiondaslabor.de\/blog\/wp-json\/wp\/v2\/media?parent=86849"}],"wp:term":[{"taxonomy":"category","embeddable":true,"href":"http:\/\/www.editiondaslabor.de\/blog\/wp-json\/wp\/v2\/categories?post=86849"},{"taxonomy":"post_tag","embeddable":true,"href":"http:\/\/www.editiondaslabor.de\/blog\/wp-json\/wp\/v2\/tags?post=86849"}],"curies":[{"name":"wp","href":"https:\/\/api.w.org\/{rel}","templated":true}]}}