{"id":86793,"date":"2019-03-26T00:01:31","date_gmt":"2019-03-25T23:01:31","guid":{"rendered":"http:\/\/www.editiondaslabor.de\/blog\/?p=86793"},"modified":"2022-05-22T08:09:32","modified_gmt":"2022-05-22T06:09:32","slug":"harte-kerne","status":"publish","type":"post","link":"http:\/\/www.editiondaslabor.de\/blog\/2019\/03\/26\/harte-kerne\/","title":{"rendered":"Harte Kerne"},"content":{"rendered":"<p>&nbsp;<\/p>\n<p>Lass dir nie sofort anmerken, dass du nichts zu verbergen hast.<\/p>\n<p>&nbsp;<\/p>\n<p>&nbsp;<\/p>\n<p>&nbsp;<\/p>\n<p style=\"text-align: center;\">***<\/p>\n<p style=\"text-align: justify;\">Vor zehn Jahren erschien:\u00a0<span id=\"productTitle\" class=\"a-size-extra-large\"><strong>Harte Kerne<\/strong>, Aphorismen und Notate <\/span><span id=\"productSubtitle\" class=\"a-size-large a-color-secondary\">von Tobias Gr\u00fcterich. Edition Azur 2009<br \/>\n<\/span><\/p>\n<p style=\"text-align: justify;\"><a href=\"http:\/\/www.editiondaslabor.de\/blog\/wp-content\/uploads\/2009\/03\/Harte_Kerne__Cover.jpg\"><img loading=\"lazy\" decoding=\"async\" class=\"alignleft wp-image-75225 size-medium\" src=\"http:\/\/www.editiondaslabor.de\/blog\/wp-content\/uploads\/2009\/03\/Harte_Kerne__Cover-192x300.jpg\" alt=\"\" width=\"192\" height=\"300\" srcset=\"http:\/\/www.editiondaslabor.de\/blog\/wp-content\/uploads\/2009\/03\/Harte_Kerne__Cover-192x300.jpg 192w, http:\/\/www.editiondaslabor.de\/blog\/wp-content\/uploads\/2009\/03\/Harte_Kerne__Cover-160x250.jpg 160w, http:\/\/www.editiondaslabor.de\/blog\/wp-content\/uploads\/2009\/03\/Harte_Kerne__Cover.jpg 236w\" sizes=\"auto, (max-width: 192px) 100vw, 192px\" \/><\/a>Gr\u00fcterichs Aphorismen sind zornig. Wer Erbauliches und vers\u00f6hnliche Weisheiten erwartet, wird von den \u201eHarten Kernen\u201c entt\u00e4uscht. Hier schreibt der <i>angry young man<\/i> der deutschen Aphoristik.<br \/>\nDen Titel des Buches darf man w\u00f6rtlich nehmen: Gr\u00fcterichs Interesse gilt den Dingen an sich, nicht dem Diskurs, der sie umgarnt. Doch mit Ignoranz allein ist es nicht getan. Der Autor schl\u00e4gt Schneisen durch das rhetorische Unkraut und legt den Wesenskern seiner Themen frei.<br \/>\nMit geb\u00fchrendem Ungehorsam begegnet er politischer Korrektheit und anderen Denkverboten.<\/p>\n<p style=\"text-align: justify;\"><strong>Weiterf\u00fchrend\u00a0\u2192 <\/strong>ein Essay \u00fcber die neue Literaturgattung <a href=\"http:\/\/www.editiondaslabor.de\/blog\/?p=22423\"><em>Twitteratur<\/em><\/a><em>.<\/em><\/p>\n","protected":false},"excerpt":{"rendered":"<p>&nbsp; Lass dir nie sofort anmerken, dass du nichts zu verbergen hast. &nbsp; &nbsp; &nbsp; *** Vor zehn Jahren erschien:\u00a0Harte Kerne, Aphorismen und Notate von Tobias Gr\u00fcterich. Edition Azur 2009 Gr\u00fcterichs Aphorismen sind zornig. Wer Erbauliches und vers\u00f6hnliche Weisheiten erwartet,&hellip;<\/p>\n<p class=\"more-link-p\"><a class=\"more-link\" href=\"http:\/\/www.editiondaslabor.de\/blog\/2019\/03\/26\/harte-kerne\/\">Read more &rarr;<\/a><\/p>\n","protected":false},"author":97,"featured_media":103104,"comment_status":"closed","ping_status":"closed","sticky":false,"template":"","format":"standard","meta":{"footnotes":""},"categories":[1],"tags":[1190],"class_list":["post-86793","post","type-post","status-publish","format-standard","has-post-thumbnail","hentry","category-literatur","tag-tobias-gruterich"],"_links":{"self":[{"href":"http:\/\/www.editiondaslabor.de\/blog\/wp-json\/wp\/v2\/posts\/86793","targetHints":{"allow":["GET"]}}],"collection":[{"href":"http:\/\/www.editiondaslabor.de\/blog\/wp-json\/wp\/v2\/posts"}],"about":[{"href":"http:\/\/www.editiondaslabor.de\/blog\/wp-json\/wp\/v2\/types\/post"}],"author":[{"embeddable":true,"href":"http:\/\/www.editiondaslabor.de\/blog\/wp-json\/wp\/v2\/users\/97"}],"replies":[{"embeddable":true,"href":"http:\/\/www.editiondaslabor.de\/blog\/wp-json\/wp\/v2\/comments?post=86793"}],"version-history":[{"count":1,"href":"http:\/\/www.editiondaslabor.de\/blog\/wp-json\/wp\/v2\/posts\/86793\/revisions"}],"predecessor-version":[{"id":103121,"href":"http:\/\/www.editiondaslabor.de\/blog\/wp-json\/wp\/v2\/posts\/86793\/revisions\/103121"}],"wp:featuredmedia":[{"embeddable":true,"href":"http:\/\/www.editiondaslabor.de\/blog\/wp-json\/wp\/v2\/media\/103104"}],"wp:attachment":[{"href":"http:\/\/www.editiondaslabor.de\/blog\/wp-json\/wp\/v2\/media?parent=86793"}],"wp:term":[{"taxonomy":"category","embeddable":true,"href":"http:\/\/www.editiondaslabor.de\/blog\/wp-json\/wp\/v2\/categories?post=86793"},{"taxonomy":"post_tag","embeddable":true,"href":"http:\/\/www.editiondaslabor.de\/blog\/wp-json\/wp\/v2\/tags?post=86793"}],"curies":[{"name":"wp","href":"https:\/\/api.w.org\/{rel}","templated":true}]}}