{"id":86754,"date":"2015-06-25T00:01:57","date_gmt":"2015-06-24T22:01:57","guid":{"rendered":"http:\/\/www.editiondaslabor.de\/blog\/?p=86754"},"modified":"2021-06-25T09:11:56","modified_gmt":"2021-06-25T07:11:56","slug":"schallmauer","status":"publish","type":"post","link":"http:\/\/www.editiondaslabor.de\/blog\/2015\/06\/25\/schallmauer\/","title":{"rendered":"Schallmauer"},"content":{"rendered":"<p>&nbsp;<\/p>\n<p>Der L\u00e4rmteppich, breit und laut,<\/p>\n<p>hinter dir her schleift,<\/p>\n<p>was mehr l\u00e4rmt, alles<\/p>\n<p>l\u00e4rmt und laut l\u00e4rmt<\/p>\n<p>es, es zittern<\/p>\n<p>Deine H\u00e4user alle,<\/p>\n<p>jeder Fu\u00dfbreit<\/p>\n<p>in deinem Kopf<\/p>\n<p>alle Deine Besitzungen<\/p>\n<p>Gedanken, Gedenken<\/p>\n<p>das \u00fcberrast<\/p>\n<p>mit einer Geschwindigkeit<\/p>\n<p>die nie die deine war<\/p>\n<p>dieser Wahn, es ist nicht<\/p>\n<p>mehr, nichts ist mehr, und<\/p>\n<p>es ist nicht mehr weit<\/p>\n<p>bis mit dem gro\u00dfen Knall<\/p>\n<p>unter dem du dich duckst<\/p>\n<p>\u00fcber dir, oben, du<\/p>\n<p>die Schallmauer durchschl\u00e4gst,<\/p>\n<p>nach oben.<\/p>\n<p>Du duckst dich, du bist schon<\/p>\n<p>oben und trittst deine Reise an<\/p>\n<p>mit funkelnden Fetzen und Felgen<\/p>\n<p>mit ausgerissenen N\u00e4hten und<\/p>\n<p>einer Wahnkraft, f\u00fcr deren<\/p>\n<p>Durchschlag der Himmel immer zu weich<\/p>\n<p>und die Erde zu hart ist.<\/p>\n<p>&nbsp;<\/p>\n<p>&nbsp;<\/p>\n<p style=\"text-align: center;\">***<\/p>\n<p style=\"text-align: justify;\"><em><a href=\"http:\/\/www.editiondaslabor.de\/blog\/wp-content\/uploads\/2021\/06\/Bachmann_Cover.jpg\"><img loading=\"lazy\" decoding=\"async\" class=\"alignleft wp-image-86748 size-medium\" src=\"http:\/\/www.editiondaslabor.de\/blog\/wp-content\/uploads\/2021\/06\/Bachmann_Cover-212x300.jpg\" alt=\"\" width=\"212\" height=\"300\" srcset=\"http:\/\/www.editiondaslabor.de\/blog\/wp-content\/uploads\/2021\/06\/Bachmann_Cover-212x300.jpg 212w, http:\/\/www.editiondaslabor.de\/blog\/wp-content\/uploads\/2021\/06\/Bachmann_Cover-260x368.jpg 260w, http:\/\/www.editiondaslabor.de\/blog\/wp-content\/uploads\/2021\/06\/Bachmann_Cover-160x226.jpg 160w, http:\/\/www.editiondaslabor.de\/blog\/wp-content\/uploads\/2021\/06\/Bachmann_Cover.jpg 353w\" sizes=\"auto, (max-width: 212px) 100vw, 212px\" \/><\/a><\/em>Zum Geburtstag von Ingeborg Bachmann erinnert KUNO an: <strong>Letzte, unver\u00f6ffentlichte Gedichte<\/strong>, Entw\u00fcrfe und Fassungen. Edition u. Kommentar von Hans H\u00f6ller. Frankfurt am Main: Suhrkamp, 1998<\/p>\n<p style=\"text-align: justify;\"><strong>Weiterf\u00fchrend \u2192<\/strong>\u00a0Poesie z\u00e4hlt f\u00fcr KUNO weiterhin zu den identit\u00e4ts- und identifikationstiftenden Elementen einer Kultur, dies bezeugte auch der Versuch einer <a href=\"http:\/\/www.editiondaslabor.de\/blog\/?p=25630\">poetologischen Positionsbestimmung<\/a>.<\/p>\n","protected":false},"excerpt":{"rendered":"<p>&nbsp; Der L\u00e4rmteppich, breit und laut, hinter dir her schleift, was mehr l\u00e4rmt, alles l\u00e4rmt und laut l\u00e4rmt es, es zittern Deine H\u00e4user alle, jeder Fu\u00dfbreit in deinem Kopf alle Deine Besitzungen Gedanken, Gedenken das \u00fcberrast mit einer Geschwindigkeit die&hellip;<\/p>\n<p class=\"more-link-p\"><a class=\"more-link\" href=\"http:\/\/www.editiondaslabor.de\/blog\/2015\/06\/25\/schallmauer\/\">Read more &rarr;<\/a><\/p>\n","protected":false},"author":2,"featured_media":86748,"comment_status":"closed","ping_status":"closed","sticky":false,"template":"","format":"standard","meta":{"footnotes":""},"categories":[1],"tags":[189],"class_list":["post-86754","post","type-post","status-publish","format-standard","has-post-thumbnail","hentry","category-literatur","tag-ingeborg-bachmann"],"_links":{"self":[{"href":"http:\/\/www.editiondaslabor.de\/blog\/wp-json\/wp\/v2\/posts\/86754","targetHints":{"allow":["GET"]}}],"collection":[{"href":"http:\/\/www.editiondaslabor.de\/blog\/wp-json\/wp\/v2\/posts"}],"about":[{"href":"http:\/\/www.editiondaslabor.de\/blog\/wp-json\/wp\/v2\/types\/post"}],"author":[{"embeddable":true,"href":"http:\/\/www.editiondaslabor.de\/blog\/wp-json\/wp\/v2\/users\/2"}],"replies":[{"embeddable":true,"href":"http:\/\/www.editiondaslabor.de\/blog\/wp-json\/wp\/v2\/comments?post=86754"}],"version-history":[{"count":0,"href":"http:\/\/www.editiondaslabor.de\/blog\/wp-json\/wp\/v2\/posts\/86754\/revisions"}],"wp:featuredmedia":[{"embeddable":true,"href":"http:\/\/www.editiondaslabor.de\/blog\/wp-json\/"}],"wp:attachment":[{"href":"http:\/\/www.editiondaslabor.de\/blog\/wp-json\/wp\/v2\/media?parent=86754"}],"wp:term":[{"taxonomy":"category","embeddable":true,"href":"http:\/\/www.editiondaslabor.de\/blog\/wp-json\/wp\/v2\/categories?post=86754"},{"taxonomy":"post_tag","embeddable":true,"href":"http:\/\/www.editiondaslabor.de\/blog\/wp-json\/wp\/v2\/tags?post=86754"}],"curies":[{"name":"wp","href":"https:\/\/api.w.org\/{rel}","templated":true}]}}