{"id":86752,"date":"1998-10-17T00:01:14","date_gmt":"1998-10-16T22:01:14","guid":{"rendered":"http:\/\/www.editiondaslabor.de\/blog\/?p=86752"},"modified":"2021-10-18T13:19:09","modified_gmt":"2021-10-18T11:19:09","slug":"heimweg","status":"publish","type":"post","link":"http:\/\/www.editiondaslabor.de\/blog\/1998\/10\/17\/heimweg\/","title":{"rendered":"Heimweg"},"content":{"rendered":"<p>&nbsp;<\/p>\n<p>Nacht aus Schl\u00fcsselblumen<br \/>\nund verwunschnem Klee,<br \/>\nfeuchte mir die F\u00fc\u00dfe,<br \/>\nda\u00df ich leichter geh.<\/p>\n<p>Der Vampir im R\u00fccken<br \/>\n\u00fcbt den Kinderschritt,<br \/>\nund ich h\u00f6r ihn atmen,<br \/>\nwenn er kreuzweis tritt.<\/p>\n<p>Folgt er mir schon lange?<br \/>\nHab ich wen gekr\u00e4nkt?<br \/>\nWas mich retten k\u00f6nnte,<br \/>\nist noch nicht verschenkt.<\/p>\n<p>Wo die Halme zelten<br \/>\num den Felsenspund,<br \/>\nbricht es aus der Quelle<br \/>\naltem, klarem Mund:<\/p>\n<p>\u201eUm nicht zu verderben,<br \/>\nbleib nicht l\u00e4nger aus,<br \/>\nh\u00f6r das Sch\u00fcsselklirren,<br \/>\nkomm ins Wiesenhaus!<\/p>\n<p>Reinen Fleischs wird sterben,<br \/>\nwer es nicht mehr liebt,<br \/>\n\u00fcber Rausch und Trauer<br \/>\nnur mehr Nachricht gibt.\u201c<\/p>\n<p>Mit der Kraft des \u00dcbels,<br \/>\ndas mich niederschlug,<br \/>\nweitet seine Schwinge<br \/>\nder Vampir im Flug,<\/p>\n<p>hebt die tausend K\u00f6pfe,<br \/>\nFreund- und Feindgesicht,<br \/>\nvom Saturn beschattet,<br \/>\nder den Ring zerbricht.<\/p>\n<p>Ist das Mal gerissen<br \/>\nin die Nackenhaut,<br \/>\n\u00f6ffnen sich die T\u00fcren<br \/>\ngr\u00fcn und ohne Laut.<\/p>\n<p>Und die Wiesenschwelle<br \/>\ngl\u00e4nzt von meinem Blut.<br \/>\nDeck mir, Nacht, die Augen<br \/>\nmit dem Narrenhut.<\/p>\n<p>&nbsp;<\/p>\n<p>&nbsp;<\/p>\n<p>&nbsp;<\/p>\n<p>&nbsp;<\/p>\n<p style=\"text-align: center;\">***<\/p>\n<p style=\"text-align: justify;\"><em><a href=\"http:\/\/www.editiondaslabor.de\/blog\/wp-content\/uploads\/2021\/06\/Bachmann_Cover.jpg\"><img loading=\"lazy\" decoding=\"async\" class=\"alignleft wp-image-86748 size-medium\" src=\"http:\/\/www.editiondaslabor.de\/blog\/wp-content\/uploads\/2021\/06\/Bachmann_Cover-212x300.jpg\" alt=\"\" width=\"212\" height=\"300\" srcset=\"http:\/\/www.editiondaslabor.de\/blog\/wp-content\/uploads\/2021\/06\/Bachmann_Cover-212x300.jpg 212w, http:\/\/www.editiondaslabor.de\/blog\/wp-content\/uploads\/2021\/06\/Bachmann_Cover-260x368.jpg 260w, http:\/\/www.editiondaslabor.de\/blog\/wp-content\/uploads\/2021\/06\/Bachmann_Cover-160x226.jpg 160w, http:\/\/www.editiondaslabor.de\/blog\/wp-content\/uploads\/2021\/06\/Bachmann_Cover.jpg 353w\" sizes=\"auto, (max-width: 212px) 100vw, 212px\" \/><\/a><\/em>Zum Todestag von Ingeborg Bachmann erinnert KUNO an: <strong>Letzte, unver\u00f6ffentlichte Gedichte<\/strong>, Entw\u00fcrfe und Fassungen. Edition u. Kommentar von Hans H\u00f6ller. Frankfurt am Main: Suhrkamp, 1998<\/p>\n<p style=\"text-align: justify;\"><strong>Weiterf\u00fchrend \u2192<\/strong>\u00a0Poesie z\u00e4hlt f\u00fcr KUNO weiterhin zu den identit\u00e4ts- und identifikationstiftenden Elementen einer Kultur, dies bezeugte auch der Versuch einer <a href=\"http:\/\/www.editiondaslabor.de\/blog\/?p=25630\">poetologischen Positionsbestimmung<\/a>.<\/p>\n","protected":false},"excerpt":{"rendered":"<p>&nbsp; Nacht aus Schl\u00fcsselblumen und verwunschnem Klee, feuchte mir die F\u00fc\u00dfe, da\u00df ich leichter geh. Der Vampir im R\u00fccken \u00fcbt den Kinderschritt, und ich h\u00f6r ihn atmen, wenn er kreuzweis tritt. Folgt er mir schon lange? Hab ich wen gekr\u00e4nkt?&hellip;<\/p>\n<p class=\"more-link-p\"><a class=\"more-link\" href=\"http:\/\/www.editiondaslabor.de\/blog\/1998\/10\/17\/heimweg\/\">Read more &rarr;<\/a><\/p>\n","protected":false},"author":2,"featured_media":86748,"comment_status":"closed","ping_status":"closed","sticky":false,"template":"","format":"standard","meta":{"footnotes":""},"categories":[1],"tags":[189],"class_list":["post-86752","post","type-post","status-publish","format-standard","has-post-thumbnail","hentry","category-literatur","tag-ingeborg-bachmann"],"_links":{"self":[{"href":"http:\/\/www.editiondaslabor.de\/blog\/wp-json\/wp\/v2\/posts\/86752","targetHints":{"allow":["GET"]}}],"collection":[{"href":"http:\/\/www.editiondaslabor.de\/blog\/wp-json\/wp\/v2\/posts"}],"about":[{"href":"http:\/\/www.editiondaslabor.de\/blog\/wp-json\/wp\/v2\/types\/post"}],"author":[{"embeddable":true,"href":"http:\/\/www.editiondaslabor.de\/blog\/wp-json\/wp\/v2\/users\/2"}],"replies":[{"embeddable":true,"href":"http:\/\/www.editiondaslabor.de\/blog\/wp-json\/wp\/v2\/comments?post=86752"}],"version-history":[{"count":0,"href":"http:\/\/www.editiondaslabor.de\/blog\/wp-json\/wp\/v2\/posts\/86752\/revisions"}],"wp:featuredmedia":[{"embeddable":true,"href":"http:\/\/www.editiondaslabor.de\/blog\/wp-json\/"}],"wp:attachment":[{"href":"http:\/\/www.editiondaslabor.de\/blog\/wp-json\/wp\/v2\/media?parent=86752"}],"wp:term":[{"taxonomy":"category","embeddable":true,"href":"http:\/\/www.editiondaslabor.de\/blog\/wp-json\/wp\/v2\/categories?post=86752"},{"taxonomy":"post_tag","embeddable":true,"href":"http:\/\/www.editiondaslabor.de\/blog\/wp-json\/wp\/v2\/tags?post=86752"}],"curies":[{"name":"wp","href":"https:\/\/api.w.org\/{rel}","templated":true}]}}