{"id":86747,"date":"2005-10-17T00:01:43","date_gmt":"2005-10-16T22:01:43","guid":{"rendered":"http:\/\/www.editiondaslabor.de\/blog\/?p=86747"},"modified":"2021-06-25T08:57:26","modified_gmt":"2021-06-25T06:57:26","slug":"enigma","status":"publish","type":"post","link":"http:\/\/www.editiondaslabor.de\/blog\/2005\/10\/17\/enigma\/","title":{"rendered":"Enigma"},"content":{"rendered":"<p style=\"text-align: right;\"><span style=\"color: #999999;\">f\u00fcr Hans Werner Henze aus der Zeit der ARIOSI<\/span><\/p>\n<p>&nbsp;<\/p>\n<p>Nichts mehr wird kommen.<\/p>\n<p>Fr\u00fchling wird nicht mehr werden.<br \/>\nTausendj\u00e4hrige Kalender sagen es jedem voraus.<\/p>\n<p>Aber auch Sommer und weiterhin, was so gute Namen<br \/>\nwie &#8222;sommerlich&#8220; hat \u2015<\/p>\n<p>es wird nichts mehr kommen.<\/p>\n<p>Du sollst ja nicht weinen,<br \/>\nsagt eine Musik.<\/p>\n<p>Sonst<br \/>\nsagt<br \/>\nniemand<br \/>\netwas.<\/p>\n<p>&nbsp;<\/p>\n<p>&nbsp;<\/p>\n<p>&nbsp;<\/p>\n<p style=\"text-align: center;\">***<\/p>\n<p style=\"text-align: justify;\"><em><a href=\"http:\/\/www.editiondaslabor.de\/blog\/wp-content\/uploads\/2021\/06\/Bachmann_Cover.jpg\"><img loading=\"lazy\" decoding=\"async\" class=\"alignleft wp-image-86748 size-medium\" src=\"http:\/\/www.editiondaslabor.de\/blog\/wp-content\/uploads\/2021\/06\/Bachmann_Cover-212x300.jpg\" alt=\"\" width=\"212\" height=\"300\" srcset=\"http:\/\/www.editiondaslabor.de\/blog\/wp-content\/uploads\/2021\/06\/Bachmann_Cover-212x300.jpg 212w, http:\/\/www.editiondaslabor.de\/blog\/wp-content\/uploads\/2021\/06\/Bachmann_Cover-260x368.jpg 260w, http:\/\/www.editiondaslabor.de\/blog\/wp-content\/uploads\/2021\/06\/Bachmann_Cover-160x226.jpg 160w, http:\/\/www.editiondaslabor.de\/blog\/wp-content\/uploads\/2021\/06\/Bachmann_Cover.jpg 353w\" sizes=\"auto, (max-width: 212px) 100vw, 212px\" \/><\/a><\/em>Zum Todestag von Ingeborg Bachmann erinnert KUNO an: <strong>Letzte, unver\u00f6ffentlichte Gedichte<\/strong>, Entw\u00fcrfe und Fassungen. Edition u. Kommentar von Hans H\u00f6ller. Frankfurt am Main: Suhrkamp, 1998<\/p>\n<p style=\"text-align: justify;\"><strong>Weiterf\u00fchrend \u2192<\/strong>\u00a0Poesie z\u00e4hlt f\u00fcr KUNO weiterhin zu den identit\u00e4ts- und identifikationstiftenden Elementen einer Kultur, dies bezeugte auch der Versuch einer <a href=\"http:\/\/www.editiondaslabor.de\/blog\/?p=25630\">poetologischen Positionsbestimmung<\/a>.<\/p>\n","protected":false},"excerpt":{"rendered":"<p>f\u00fcr Hans Werner Henze aus der Zeit der ARIOSI &nbsp; Nichts mehr wird kommen. Fr\u00fchling wird nicht mehr werden. Tausendj\u00e4hrige Kalender sagen es jedem voraus. Aber auch Sommer und weiterhin, was so gute Namen wie &#8222;sommerlich&#8220; hat \u2015 es wird&hellip;<\/p>\n<p class=\"more-link-p\"><a class=\"more-link\" href=\"http:\/\/www.editiondaslabor.de\/blog\/2005\/10\/17\/enigma\/\">Read more &rarr;<\/a><\/p>\n","protected":false},"author":2,"featured_media":86748,"comment_status":"closed","ping_status":"closed","sticky":false,"template":"","format":"standard","meta":{"footnotes":""},"categories":[1],"tags":[189],"class_list":["post-86747","post","type-post","status-publish","format-standard","has-post-thumbnail","hentry","category-literatur","tag-ingeborg-bachmann"],"_links":{"self":[{"href":"http:\/\/www.editiondaslabor.de\/blog\/wp-json\/wp\/v2\/posts\/86747","targetHints":{"allow":["GET"]}}],"collection":[{"href":"http:\/\/www.editiondaslabor.de\/blog\/wp-json\/wp\/v2\/posts"}],"about":[{"href":"http:\/\/www.editiondaslabor.de\/blog\/wp-json\/wp\/v2\/types\/post"}],"author":[{"embeddable":true,"href":"http:\/\/www.editiondaslabor.de\/blog\/wp-json\/wp\/v2\/users\/2"}],"replies":[{"embeddable":true,"href":"http:\/\/www.editiondaslabor.de\/blog\/wp-json\/wp\/v2\/comments?post=86747"}],"version-history":[{"count":0,"href":"http:\/\/www.editiondaslabor.de\/blog\/wp-json\/wp\/v2\/posts\/86747\/revisions"}],"wp:featuredmedia":[{"embeddable":true,"href":"http:\/\/www.editiondaslabor.de\/blog\/wp-json\/"}],"wp:attachment":[{"href":"http:\/\/www.editiondaslabor.de\/blog\/wp-json\/wp\/v2\/media?parent=86747"}],"wp:term":[{"taxonomy":"category","embeddable":true,"href":"http:\/\/www.editiondaslabor.de\/blog\/wp-json\/wp\/v2\/categories?post=86747"},{"taxonomy":"post_tag","embeddable":true,"href":"http:\/\/www.editiondaslabor.de\/blog\/wp-json\/wp\/v2\/tags?post=86747"}],"curies":[{"name":"wp","href":"https:\/\/api.w.org\/{rel}","templated":true}]}}