{"id":86654,"date":"2010-10-08T00:01:19","date_gmt":"2010-10-07T22:01:19","guid":{"rendered":"http:\/\/www.editiondaslabor.de\/blog\/?p=86654"},"modified":"2021-06-22T09:17:11","modified_gmt":"2021-06-22T07:17:11","slug":"zivilcourage","status":"publish","type":"post","link":"http:\/\/www.editiondaslabor.de\/blog\/2010\/10\/08\/zivilcourage\/","title":{"rendered":"Zivilcourage"},"content":{"rendered":"<p>&nbsp;<\/p>\n<p style=\"text-align: justify;\">Wo die Zivilcourage keine Heimstatt hat, reicht die Freiheit nicht weit.<\/p>\n<p>&nbsp;<\/p>\n<p>&nbsp;<\/p>\n<p>&nbsp;<\/p>\n<div id=\"attachment_86633\" style=\"width: 223px\" class=\"wp-caption alignleft\"><a href=\"http:\/\/www.editiondaslabor.de\/blog\/wp-content\/uploads\/1989\/10\/Bundesarchiv_B_145_Bild-F057884-0009_Willy_Brandt.jpg\"><img loading=\"lazy\" decoding=\"async\" aria-describedby=\"caption-attachment-86633\" class=\"wp-image-86633 size-medium\" src=\"http:\/\/www.editiondaslabor.de\/blog\/wp-content\/uploads\/1989\/10\/Bundesarchiv_B_145_Bild-F057884-0009_Willy_Brandt-213x300.jpg\" alt=\"\" width=\"213\" height=\"300\" srcset=\"http:\/\/www.editiondaslabor.de\/blog\/wp-content\/uploads\/1989\/10\/Bundesarchiv_B_145_Bild-F057884-0009_Willy_Brandt-213x300.jpg 213w, http:\/\/www.editiondaslabor.de\/blog\/wp-content\/uploads\/1989\/10\/Bundesarchiv_B_145_Bild-F057884-0009_Willy_Brandt-260x366.jpg 260w, http:\/\/www.editiondaslabor.de\/blog\/wp-content\/uploads\/1989\/10\/Bundesarchiv_B_145_Bild-F057884-0009_Willy_Brandt-160x225.jpg 160w, http:\/\/www.editiondaslabor.de\/blog\/wp-content\/uploads\/1989\/10\/Bundesarchiv_B_145_Bild-F057884-0009_Willy_Brandt.jpg 552w\" sizes=\"auto, (max-width: 213px) 100vw, 213px\" \/><\/a><p id=\"caption-attachment-86633\" class=\"wp-caption-text\">Willy Brandt, Photo: Bundesarchiv<\/p><\/div>\n<p style=\"text-align: justify;\">Am 8. Oktober 1992 starb der gro\u00dfe Staatsmann Willy Brandt in Unkel am Rhein. Der Friedensnobelpreistr\u00e4ger hinterlies einige gefl\u00fcgelte Worte, die man heute als <em>Twitteratur<\/em> bezeichnen w\u00fcrde.<\/p>\n","protected":false},"excerpt":{"rendered":"<p>&nbsp; Wo die Zivilcourage keine Heimstatt hat, reicht die Freiheit nicht weit. &nbsp; &nbsp; &nbsp; Am 8. Oktober 1992 starb der gro\u00dfe Staatsmann Willy Brandt in Unkel am Rhein. Der Friedensnobelpreistr\u00e4ger hinterlies einige gefl\u00fcgelte Worte, die man heute als Twitteratur&hellip;<\/p>\n<p class=\"more-link-p\"><a class=\"more-link\" href=\"http:\/\/www.editiondaslabor.de\/blog\/2010\/10\/08\/zivilcourage\/\">Read more &rarr;<\/a><\/p>\n","protected":false},"author":2,"featured_media":86633,"comment_status":"closed","ping_status":"closed","sticky":false,"template":"","format":"standard","meta":{"footnotes":""},"categories":[1],"tags":[2947],"class_list":["post-86654","post","type-post","status-publish","format-standard","has-post-thumbnail","hentry","category-literatur","tag-willy-brandt"],"_links":{"self":[{"href":"http:\/\/www.editiondaslabor.de\/blog\/wp-json\/wp\/v2\/posts\/86654","targetHints":{"allow":["GET"]}}],"collection":[{"href":"http:\/\/www.editiondaslabor.de\/blog\/wp-json\/wp\/v2\/posts"}],"about":[{"href":"http:\/\/www.editiondaslabor.de\/blog\/wp-json\/wp\/v2\/types\/post"}],"author":[{"embeddable":true,"href":"http:\/\/www.editiondaslabor.de\/blog\/wp-json\/wp\/v2\/users\/2"}],"replies":[{"embeddable":true,"href":"http:\/\/www.editiondaslabor.de\/blog\/wp-json\/wp\/v2\/comments?post=86654"}],"version-history":[{"count":0,"href":"http:\/\/www.editiondaslabor.de\/blog\/wp-json\/wp\/v2\/posts\/86654\/revisions"}],"wp:featuredmedia":[{"embeddable":true,"href":"http:\/\/www.editiondaslabor.de\/blog\/wp-json\/"}],"wp:attachment":[{"href":"http:\/\/www.editiondaslabor.de\/blog\/wp-json\/wp\/v2\/media?parent=86654"}],"wp:term":[{"taxonomy":"category","embeddable":true,"href":"http:\/\/www.editiondaslabor.de\/blog\/wp-json\/wp\/v2\/categories?post=86654"},{"taxonomy":"post_tag","embeddable":true,"href":"http:\/\/www.editiondaslabor.de\/blog\/wp-json\/wp\/v2\/tags?post=86654"}],"curies":[{"name":"wp","href":"https:\/\/api.w.org\/{rel}","templated":true}]}}