{"id":86512,"date":"2005-06-21T00:01:37","date_gmt":"2005-06-20T22:01:37","guid":{"rendered":"http:\/\/www.editiondaslabor.de\/blog\/?p=86512"},"modified":"2021-06-21T14:42:28","modified_gmt":"2021-06-21T12:42:28","slug":"o-grille-sing","status":"publish","type":"post","link":"http:\/\/www.editiondaslabor.de\/blog\/2005\/06\/21\/o-grille-sing\/","title":{"rendered":"O, Grille sing"},"content":{"rendered":"<p>&nbsp;<\/p>\n<p class=\"stext\">O, Grille sing,<\/p>\n<p class=\"stext\">Die Nacht ist lang.<\/p>\n<p class=\"stext\">Ich wei\u00df nicht, ob ich leben darf,<\/p>\n<p class=\"stext\">Bis an das End&#8216; von Deinem Sang.<\/p>\n<p>&nbsp;<\/p>\n<p class=\"stext\">Die Fenster stehen aufgemacht.<\/p>\n<p class=\"stext\">Ich wei\u00df nicht, ob ich schauen darf,<\/p>\n<p class=\"stext\">Bis an das End&#8216; von dieser Nacht.<\/p>\n<p>&nbsp;<\/p>\n<p class=\"stext\">O, Grille sing, sing unbedacht,<\/p>\n<p class=\"stext\">Die Lust geht hin,<\/p>\n<p class=\"stext\">Und Leid erwacht.<\/p>\n<p class=\"stext\">Und Lust im Leid &#8211;<\/p>\n<p class=\"stext\">Mehr bringt sie nicht, die lange Nacht.<\/p>\n<p>&nbsp;<\/p>\n<p>&nbsp;<\/p>\n<p>&nbsp;<\/p>\n<p>&nbsp;<\/p>\n<div>\n<h4 style=\"text-align: justify\"><a href=\"http:\/\/www.editiondaslabor.de\/blog\/wp-content\/uploads\/2021\/06\/Max-Dauthendey.jpg\"><img loading=\"lazy\" decoding=\"async\" class=\"size-medium wp-image-86434 alignleft\" src=\"http:\/\/www.editiondaslabor.de\/blog\/wp-content\/uploads\/2021\/06\/Max-Dauthendey-224x300.jpg\" alt=\"\" width=\"224\" height=\"300\" srcset=\"http:\/\/www.editiondaslabor.de\/blog\/wp-content\/uploads\/2021\/06\/Max-Dauthendey-224x300.jpg 224w, http:\/\/www.editiondaslabor.de\/blog\/wp-content\/uploads\/2021\/06\/Max-Dauthendey-560x751.jpg 560w, http:\/\/www.editiondaslabor.de\/blog\/wp-content\/uploads\/2021\/06\/Max-Dauthendey-260x348.jpg 260w, http:\/\/www.editiondaslabor.de\/blog\/wp-content\/uploads\/2021\/06\/Max-Dauthendey-160x214.jpg 160w, http:\/\/www.editiondaslabor.de\/blog\/wp-content\/uploads\/2021\/06\/Max-Dauthendey.jpg 764w\" sizes=\"auto, (max-width: 224px) 100vw, 224px\" \/><\/a>Weiterf\u00fchrend \u2192<\/h4>\n<\/div>\n<div>\n<p style=\"text-align: justify\">Die von Farben und T\u00f6nen bestimmte ungebundene und rhythmische Lyrik machte Dauthendey zu einem der bedeutendsten Vertreter des Impressionismus in Deutschland. Seine Werke sind bestimmt von der Liebe zur Natur und deren \u00c4sthetik. Mit virtuoser Sprachbegabung setzte er seine Sensibilit\u00e4t f\u00fcr sinnenhafte Eindr\u00fccke in impressionistische Wortkunstwerke um. Bereits seine erste Gedichtsammlung von 1893 mit dem Titel \u201eUltra-Violett\u201c l\u00e4sst die Ans\u00e4tze einer impressionistischen Bildkraft erkennen, die dichterisch gestaltete Wahrnehmung von Farben, D\u00fcften, T\u00f6nen und Stimmungen offenbart. In seiner sp\u00e4teren Natur- und Liebenslyrik steigerte sich dies bis zur Verherrlichung des Sinnenhaften und Erotischen und traf sich mit seiner Philosophie, die das Leben und die Welt als Fest, als panpsychische \u201eWeltfestlichkeit\u201c begriff. Rilke bezeichnete ihn als einen \u201eunserer sinnlichsten Dichter, in einem fast \u00f6stlichen Begriffe\u201c.<\/p>\n<p style=\"text-align: justify\"><strong>\u2192<\/strong>\u00a0Poesie z\u00e4hlt f\u00fcr KUNO weiterhin zu den identit\u00e4ts- und identifikationstiftenden Elementen einer Kultur, dies bezeugte auch der Versuch einer <a href=\"http:\/\/www.editiondaslabor.de\/blog\/?p=25630\">poetologischen Positionsbestimmung<\/a>.<\/p>\n<\/div>\n","protected":false},"excerpt":{"rendered":"<p>&nbsp; O, Grille sing, Die Nacht ist lang. Ich wei\u00df nicht, ob ich leben darf, Bis an das End&#8216; von Deinem Sang. &nbsp; Die Fenster stehen aufgemacht. Ich wei\u00df nicht, ob ich schauen darf, Bis an das End&#8216; von dieser&hellip;<\/p>\n<p class=\"more-link-p\"><a class=\"more-link\" href=\"http:\/\/www.editiondaslabor.de\/blog\/2005\/06\/21\/o-grille-sing\/\">Read more &rarr;<\/a><\/p>\n","protected":false},"author":225,"featured_media":86434,"comment_status":"closed","ping_status":"closed","sticky":false,"template":"","format":"standard","meta":{"footnotes":""},"categories":[1],"tags":[3011],"class_list":["post-86512","post","type-post","status-publish","format-standard","has-post-thumbnail","hentry","category-literatur","tag-max-dauthendey"],"_links":{"self":[{"href":"http:\/\/www.editiondaslabor.de\/blog\/wp-json\/wp\/v2\/posts\/86512","targetHints":{"allow":["GET"]}}],"collection":[{"href":"http:\/\/www.editiondaslabor.de\/blog\/wp-json\/wp\/v2\/posts"}],"about":[{"href":"http:\/\/www.editiondaslabor.de\/blog\/wp-json\/wp\/v2\/types\/post"}],"author":[{"embeddable":true,"href":"http:\/\/www.editiondaslabor.de\/blog\/wp-json\/wp\/v2\/users\/225"}],"replies":[{"embeddable":true,"href":"http:\/\/www.editiondaslabor.de\/blog\/wp-json\/wp\/v2\/comments?post=86512"}],"version-history":[{"count":0,"href":"http:\/\/www.editiondaslabor.de\/blog\/wp-json\/wp\/v2\/posts\/86512\/revisions"}],"wp:featuredmedia":[{"embeddable":true,"href":"http:\/\/www.editiondaslabor.de\/blog\/wp-json\/"}],"wp:attachment":[{"href":"http:\/\/www.editiondaslabor.de\/blog\/wp-json\/wp\/v2\/media?parent=86512"}],"wp:term":[{"taxonomy":"category","embeddable":true,"href":"http:\/\/www.editiondaslabor.de\/blog\/wp-json\/wp\/v2\/categories?post=86512"},{"taxonomy":"post_tag","embeddable":true,"href":"http:\/\/www.editiondaslabor.de\/blog\/wp-json\/wp\/v2\/tags?post=86512"}],"curies":[{"name":"wp","href":"https:\/\/api.w.org\/{rel}","templated":true}]}}