{"id":86474,"date":"1995-11-06T00:01:00","date_gmt":"1995-11-05T23:01:00","guid":{"rendered":"http:\/\/www.editiondaslabor.de\/blog\/?p=86474"},"modified":"2021-11-03T13:09:29","modified_gmt":"2021-11-03T12:09:29","slug":"wie-tote-liegen-aufgebahrt-im-tag-die-tage","status":"publish","type":"post","link":"http:\/\/www.editiondaslabor.de\/blog\/1995\/11\/06\/wie-tote-liegen-aufgebahrt-im-tag-die-tage\/","title":{"rendered":"Wie Tote liegen aufgebahrt im Tag die Tage"},"content":{"rendered":"<p>&nbsp;<\/p>\n<p>&nbsp;<\/p>\n<p class=\"stext\">Wenn mal der Spiegel, der Dich t\u00e4glich zeigt,<\/p>\n<p class=\"stext\">Von fr\u00fch bis abend in die Leere schweigt,<\/p>\n<p class=\"stext\">Und alle Fenster ohne Dich ans Licht hintreten,<\/p>\n<p class=\"stext\">Und Deine Schritte mir im Ohr verwehten,<\/p>\n<p class=\"stext\">Und keine T\u00fcr den H\u00e4ndedruck von Dir mehr sp\u00fcrt,<\/p>\n<p class=\"stext\">Der sie behutsam in den Angeln r\u00fchrt, &#8211;<\/p>\n<p class=\"stext\">Werd&#8216; ich Dich suchen dann mit Aug&#8216; und Ohr,<\/p>\n<p class=\"stext\">Nichts sehen mehr, als nur des Hauses festerstarrtes Tor,<\/p>\n<p class=\"stext\">Nichts h\u00f6ren mehr, als Deiner Rede l\u00e4ngst verschollenen Rest.<\/p>\n<p class=\"stext\">Dann wird Dein Traumbild nachts dem n\u00e4chsten Tag ein Fest,<\/p>\n<p class=\"stext\">Dann leb&#8216; ich nur wie hohle Muscheln hohl im Raum,<\/p>\n<p class=\"stext\">Wie ein verlassenes Vogelnest zerst\u00f6rt im kahlen Baum.<\/p>\n<p class=\"stext\">Dann f\u00e4llt der Zunge schwer das kleinste Wort.<\/p>\n<p class=\"stext\">Sie fragt ins Dunkel, glaubend, Du stehst dunkel dort,<\/p>\n<p class=\"stext\">Und niemals kommt von Dir ein Laut auf Ruf und Frage, &#8211;<\/p>\n<p class=\"stext\">Wie Tote liegen aufgebahrt im Tag die Tage.<\/p>\n<p>&nbsp;<\/p>\n<p>&nbsp;<\/p>\n<p>&nbsp;<\/p>\n<div>\n<h5 style=\"text-align: justify;\"><a href=\"http:\/\/www.editiondaslabor.de\/blog\/wp-content\/uploads\/2021\/06\/Max-Dauthendey.jpg\"><img loading=\"lazy\" decoding=\"async\" class=\"size-medium wp-image-86434 alignleft\" src=\"http:\/\/www.editiondaslabor.de\/blog\/wp-content\/uploads\/2021\/06\/Max-Dauthendey-224x300.jpg\" alt=\"\" width=\"224\" height=\"300\" srcset=\"http:\/\/www.editiondaslabor.de\/blog\/wp-content\/uploads\/2021\/06\/Max-Dauthendey-224x300.jpg 224w, http:\/\/www.editiondaslabor.de\/blog\/wp-content\/uploads\/2021\/06\/Max-Dauthendey-560x751.jpg 560w, http:\/\/www.editiondaslabor.de\/blog\/wp-content\/uploads\/2021\/06\/Max-Dauthendey-260x348.jpg 260w, http:\/\/www.editiondaslabor.de\/blog\/wp-content\/uploads\/2021\/06\/Max-Dauthendey-160x214.jpg 160w, http:\/\/www.editiondaslabor.de\/blog\/wp-content\/uploads\/2021\/06\/Max-Dauthendey.jpg 764w\" sizes=\"auto, (max-width: 224px) 100vw, 224px\" \/><\/a>Weiterf\u00fchrend \u2192<\/h5>\n<\/div>\n<div>\n<p style=\"text-align: justify;\">Die von Farben und T\u00f6nen bestimmte ungebundene und rhythmische Lyrik machte Dauthendey zu einem der bedeutendsten Vertreter des Impressionismus in Deutschland. Seine Werke sind bestimmt von der Liebe zur Natur und deren \u00c4sthetik. Mit virtuoser Sprachbegabung setzte er seine Sensibilit\u00e4t f\u00fcr sinnenhafte Eindr\u00fccke in impressionistische Wortkunstwerke um. Bereits seine erste Gedichtsammlung von 1893 mit dem Titel \u201eUltra-Violett\u201c l\u00e4sst die Ans\u00e4tze einer impressionistischen Bildkraft erkennen, die dichterisch gestaltete Wahrnehmung von Farben, D\u00fcften, T\u00f6nen und Stimmungen offenbart. In seiner sp\u00e4teren Natur- und Liebenslyrik steigerte sich dies bis zur Verherrlichung des Sinnenhaften und Erotischen und traf sich mit seiner Philosophie, die das Leben und die Welt als Fest, als panpsychische \u201eWeltfestlichkeit\u201c begriff. Rilke bezeichnete ihn als einen \u201eunserer sinnlichsten Dichter, in einem fast \u00f6stlichen Begriffe\u201c.<\/p>\n<p style=\"text-align: justify;\"><strong>\u2192<\/strong>\u00a0Poesie z\u00e4hlt f\u00fcr KUNO weiterhin zu den identit\u00e4ts- und identifikationstiftenden Elementen einer Kultur, dies bezeugte auch der Versuch einer <a href=\"http:\/\/www.editiondaslabor.de\/blog\/?p=25630\">poetologischen Positionsbestimmung<\/a>.<\/p>\n<\/div>\n","protected":false},"excerpt":{"rendered":"<p>&nbsp; &nbsp; Wenn mal der Spiegel, der Dich t\u00e4glich zeigt, Von fr\u00fch bis abend in die Leere schweigt, Und alle Fenster ohne Dich ans Licht hintreten, Und Deine Schritte mir im Ohr verwehten, Und keine T\u00fcr den H\u00e4ndedruck von Dir&hellip;<\/p>\n<p class=\"more-link-p\"><a class=\"more-link\" href=\"http:\/\/www.editiondaslabor.de\/blog\/1995\/11\/06\/wie-tote-liegen-aufgebahrt-im-tag-die-tage\/\">Read more &rarr;<\/a><\/p>\n","protected":false},"author":225,"featured_media":86434,"comment_status":"closed","ping_status":"closed","sticky":false,"template":"","format":"standard","meta":{"footnotes":""},"categories":[1],"tags":[3011],"class_list":["post-86474","post","type-post","status-publish","format-standard","has-post-thumbnail","hentry","category-literatur","tag-max-dauthendey"],"_links":{"self":[{"href":"http:\/\/www.editiondaslabor.de\/blog\/wp-json\/wp\/v2\/posts\/86474","targetHints":{"allow":["GET"]}}],"collection":[{"href":"http:\/\/www.editiondaslabor.de\/blog\/wp-json\/wp\/v2\/posts"}],"about":[{"href":"http:\/\/www.editiondaslabor.de\/blog\/wp-json\/wp\/v2\/types\/post"}],"author":[{"embeddable":true,"href":"http:\/\/www.editiondaslabor.de\/blog\/wp-json\/wp\/v2\/users\/225"}],"replies":[{"embeddable":true,"href":"http:\/\/www.editiondaslabor.de\/blog\/wp-json\/wp\/v2\/comments?post=86474"}],"version-history":[{"count":0,"href":"http:\/\/www.editiondaslabor.de\/blog\/wp-json\/wp\/v2\/posts\/86474\/revisions"}],"wp:featuredmedia":[{"embeddable":true,"href":"http:\/\/www.editiondaslabor.de\/blog\/wp-json\/"}],"wp:attachment":[{"href":"http:\/\/www.editiondaslabor.de\/blog\/wp-json\/wp\/v2\/media?parent=86474"}],"wp:term":[{"taxonomy":"category","embeddable":true,"href":"http:\/\/www.editiondaslabor.de\/blog\/wp-json\/wp\/v2\/categories?post=86474"},{"taxonomy":"post_tag","embeddable":true,"href":"http:\/\/www.editiondaslabor.de\/blog\/wp-json\/wp\/v2\/tags?post=86474"}],"curies":[{"name":"wp","href":"https:\/\/api.w.org\/{rel}","templated":true}]}}